{"id":487,"date":"2023-09-20T15:37:00","date_gmt":"2023-09-20T15:37:00","guid":{"rendered":"https:\/\/lacasadipiero.org\/?p=487"},"modified":"2024-06-06T15:40:22","modified_gmt":"2024-06-06T15:40:22","slug":"giovani-e-solidarieta-per-la-casa-di-piero","status":"publish","type":"post","link":"https:\/\/lacasadipiero.org\/index.php\/2023\/09\/20\/giovani-e-solidarieta-per-la-casa-di-piero\/","title":{"rendered":"Giovani e solidariet\u00e0 per la Casa di Piero"},"content":{"rendered":"\n<p>Una ventata di solidariet\u00e0 dal pubblico numeroso, soprattutto tanti giovani, che hanno assistito a fine agosto al &nbsp;festival di musica rap VperVCO Night Vibes vol 2. Nonostante il maltempo abbia fatto trasferire la serata al Palazzetto dello Sport erano davvero in molti ad applaudire a Noyz Narcos producers e rapper romano, considerato uno dei migliori esponenti della scena Hardcore Hip Hop contemporanea italiana.<\/p>\n\n\n\n<p>Isola Verde, insieme agli amici del Corso di Corsa era presente agli stand delle bevande il cui ricavato \u00e8 stato devoluto in attivit\u00e0 di solidariet\u00e0:<\/p>\n\n\n\n<ul class=\"wp-block-list\">\n<li>1.500 euro verranno destinati a La casa di Piero;<\/li>\n\n\n\n<li>500 euro andranno all\u2019associazione \u201cCamminare insieme\u201d ;<\/li>\n\n\n\n<li>1.000 euro per sostenere le cure di Angelica, una\u00a0 ragazza di 18 anni affetta da sarcoma di Wing.<\/li>\n<\/ul>\n\n\n\n<p>Un grazie a tutti coloro che hanno scelto di sorseggiare qualcosa con noi e a tutta la squadra di volontari che ha reso possibile la serata. Un grazie al Comune di Verbania e all\u2019organizzazione per questa opportunit\u00e0.<\/p>\n\n\n\n<figure class=\"wp-block-gallery has-nested-images columns-default is-cropped wp-block-gallery-1 is-layout-flex wp-block-gallery-is-layout-flex\">\n<figure class=\"wp-block-image size-large\"><img fetchpriority=\"high\" decoding=\"async\" width=\"1024\" height=\"768\" data-id=\"490\" src=\"https:\/\/lacasadipiero.org\/wp-content\/uploads\/2024\/06\/volontari-al-festival-RAP-2-1024x768.jpg\" alt=\"\" class=\"wp-image-490\" srcset=\"https:\/\/lacasadipiero.org\/wp-content\/uploads\/2024\/06\/volontari-al-festival-RAP-2-1024x768.jpg 1024w, https:\/\/lacasadipiero.org\/wp-content\/uploads\/2024\/06\/volontari-al-festival-RAP-2-300x225.jpg 300w, https:\/\/lacasadipiero.org\/wp-content\/uploads\/2024\/06\/volontari-al-festival-RAP-2-768x576.jpg 768w, https:\/\/lacasadipiero.org\/wp-content\/uploads\/2024\/06\/volontari-al-festival-RAP-2.jpg 1304w\" sizes=\"(max-width: 1024px) 100vw, 1024px\" \/><\/figure>\n\n\n\n<figure class=\"wp-block-image size-large\"><img decoding=\"async\" width=\"1024\" height=\"768\" data-id=\"489\" src=\"https:\/\/lacasadipiero.org\/wp-content\/uploads\/2024\/06\/volontari-al-festival-RAP-3-1024x768.jpg\" alt=\"\" class=\"wp-image-489\" srcset=\"https:\/\/lacasadipiero.org\/wp-content\/uploads\/2024\/06\/volontari-al-festival-RAP-3-1024x768.jpg 1024w, https:\/\/lacasadipiero.org\/wp-content\/uploads\/2024\/06\/volontari-al-festival-RAP-3-300x225.jpg 300w, https:\/\/lacasadipiero.org\/wp-content\/uploads\/2024\/06\/volontari-al-festival-RAP-3-768x576.jpg 768w, https:\/\/lacasadipiero.org\/wp-content\/uploads\/2024\/06\/volontari-al-festival-RAP-3-1536x1152.jpg 1536w, https:\/\/lacasadipiero.org\/wp-content\/uploads\/2024\/06\/volontari-al-festival-RAP-3.jpg 1600w\" sizes=\"(max-width: 1024px) 100vw, 1024px\" \/><\/figure>\n<\/figure>\n","protected":false},"excerpt":{"rendered":"<p>Una ventata di solidariet\u00e0 dal pubblico numeroso, soprattutto tanti giovani, che hanno assistito a fine agosto al &nbsp;festival di musica rap VperVCO Night Vibes vol 2. Nonostante il maltempo abbia fatto trasferire la serata al Palazzetto dello Sport erano davvero in molti ad applaudire a Noyz Narcos producers e rapper romano, considerato uno dei migliori [&hellip;]<\/p>\n","protected":false},"author":4,"featured_media":488,"comment_status":"open","ping_status":"open","sticky":false,"template":"","format":"standard","meta":{"rank_math_title":"","rank_math_description":"","rank_math_focus_keyword":"","rank_math_canonical_url":"","rank_math_robots":"","footnotes":""},"categories":[18,17],"tags":[],"class_list":["post-487","post","type-post","status-publish","format-standard","has-post-thumbnail","hentry","category-amici-di-piero","category-fundraising"],"_links":{"self":[{"href":"https:\/\/lacasadipiero.org\/index.php\/wp-json\/wp\/v2\/posts\/487","targetHints":{"allow":["GET"]}}],"collection":[{"href":"https:\/\/lacasadipiero.org\/index.php\/wp-json\/wp\/v2\/posts"}],"about":[{"href":"https:\/\/lacasadipiero.org\/index.php\/wp-json\/wp\/v2\/types\/post"}],"author":[{"embeddable":true,"href":"https:\/\/lacasadipiero.org\/index.php\/wp-json\/wp\/v2\/users\/4"}],"replies":[{"embeddable":true,"href":"https:\/\/lacasadipiero.org\/index.php\/wp-json\/wp\/v2\/comments?post=487"}],"version-history":[{"count":1,"href":"https:\/\/lacasadipiero.org\/index.php\/wp-json\/wp\/v2\/posts\/487\/revisions"}],"predecessor-version":[{"id":491,"href":"https:\/\/lacasadipiero.org\/index.php\/wp-json\/wp\/v2\/posts\/487\/revisions\/491"}],"wp:featuredmedia":[{"embeddable":true,"href":"https:\/\/lacasadipiero.org\/index.php\/wp-json\/wp\/v2\/media\/488"}],"wp:attachment":[{"href":"https:\/\/lacasadipiero.org\/index.php\/wp-json\/wp\/v2\/media?parent=487"}],"wp:term":[{"taxonomy":"category","embeddable":true,"href":"https:\/\/lacasadipiero.org\/index.php\/wp-json\/wp\/v2\/categories?post=487"},{"taxonomy":"post_tag","embeddable":true,"href":"https:\/\/lacasadipiero.org\/index.php\/wp-json\/wp\/v2\/tags?post=487"}],"curies":[{"name":"wp","href":"https:\/\/api.w.org\/{rel}","templated":true}]}}