{"id":689,"date":"2024-10-07T07:04:52","date_gmt":"2024-10-07T07:04:52","guid":{"rendered":"https:\/\/lacasadipiero.org\/?p=689"},"modified":"2024-11-20T08:31:28","modified_gmt":"2024-11-20T08:31:28","slug":"inaugurata-la-casa-di-piero","status":"publish","type":"post","link":"https:\/\/lacasadipiero.org\/index.php\/2024\/10\/07\/inaugurata-la-casa-di-piero\/","title":{"rendered":"Inaugurata La Casa di Piero"},"content":{"rendered":"\n<p><strong>\u00c8 stata inaugurata il 7 ottobre 2024 La casa di Piero,<\/strong> il progetto abitativo della Cooperativa Sociale Isola Verde che rende concreto un modello di <strong>alloggio sociale per favorire percorsi di autonomia e integrazione di persone fragili<\/strong>. <\/p>\n\n\n\n<p>Una giornata di festa alla presenza delle istituzioni, di enti, fondazioni e associazioni che ci hanno accompagnato in questo percorso e che saranno con noi nel futuro che stiamo costruendo.<\/p>\n\n\n\n<p>Un grazie a tutti per la numerosa presenza e ai tanti che con piccoli e grandi gesti ci sostengono.<\/p>\n\n\n\n<figure class=\"wp-block-gallery has-nested-images columns-default is-cropped wp-block-gallery-1 is-layout-flex wp-block-gallery-is-layout-flex\">\n<figure class=\"wp-block-image size-large\"><img fetchpriority=\"high\" decoding=\"async\" width=\"1024\" height=\"472\" data-id=\"692\" src=\"https:\/\/lacasadipiero.org\/wp-content\/uploads\/2024\/11\/a8258e92-655f-4c92-b3d6-076ec74757f3-1024x472.jpg\" alt=\"\" class=\"wp-image-692\" srcset=\"https:\/\/lacasadipiero.org\/wp-content\/uploads\/2024\/11\/a8258e92-655f-4c92-b3d6-076ec74757f3-1024x472.jpg 1024w, https:\/\/lacasadipiero.org\/wp-content\/uploads\/2024\/11\/a8258e92-655f-4c92-b3d6-076ec74757f3-300x138.jpg 300w, https:\/\/lacasadipiero.org\/wp-content\/uploads\/2024\/11\/a8258e92-655f-4c92-b3d6-076ec74757f3-768x354.jpg 768w, https:\/\/lacasadipiero.org\/wp-content\/uploads\/2024\/11\/a8258e92-655f-4c92-b3d6-076ec74757f3-1536x708.jpg 1536w, https:\/\/lacasadipiero.org\/wp-content\/uploads\/2024\/11\/a8258e92-655f-4c92-b3d6-076ec74757f3.jpg 2000w\" sizes=\"(max-width: 1024px) 100vw, 1024px\" \/><\/figure>\n\n\n\n<figure class=\"wp-block-image size-large\"><img decoding=\"async\" width=\"956\" height=\"720\" data-id=\"691\" src=\"https:\/\/lacasadipiero.org\/wp-content\/uploads\/2024\/11\/Elisa-LOmazzi-inaugurazione.jpg\" alt=\"\" class=\"wp-image-691\" srcset=\"https:\/\/lacasadipiero.org\/wp-content\/uploads\/2024\/11\/Elisa-LOmazzi-inaugurazione.jpg 956w, https:\/\/lacasadipiero.org\/wp-content\/uploads\/2024\/11\/Elisa-LOmazzi-inaugurazione-300x226.jpg 300w, https:\/\/lacasadipiero.org\/wp-content\/uploads\/2024\/11\/Elisa-LOmazzi-inaugurazione-768x578.jpg 768w\" sizes=\"(max-width: 956px) 100vw, 956px\" \/><\/figure>\n\n\n\n<figure class=\"wp-block-image size-large\"><img decoding=\"async\" width=\"1024\" height=\"768\" data-id=\"693\" src=\"https:\/\/lacasadipiero.org\/wp-content\/uploads\/2024\/11\/Foto-di-gruppo-inaugurazione-2-1024x768.jpg\" alt=\"\" class=\"wp-image-693\" srcset=\"https:\/\/lacasadipiero.org\/wp-content\/uploads\/2024\/11\/Foto-di-gruppo-inaugurazione-2-1024x768.jpg 1024w, https:\/\/lacasadipiero.org\/wp-content\/uploads\/2024\/11\/Foto-di-gruppo-inaugurazione-2-300x225.jpg 300w, https:\/\/lacasadipiero.org\/wp-content\/uploads\/2024\/11\/Foto-di-gruppo-inaugurazione-2-768x576.jpg 768w, https:\/\/lacasadipiero.org\/wp-content\/uploads\/2024\/11\/Foto-di-gruppo-inaugurazione-2-1536x1152.jpg 1536w, https:\/\/lacasadipiero.org\/wp-content\/uploads\/2024\/11\/Foto-di-gruppo-inaugurazione-2.jpg 1600w\" sizes=\"(max-width: 1024px) 100vw, 1024px\" \/><\/figure>\n\n\n\n<figure class=\"wp-block-image size-large\"><img loading=\"lazy\" decoding=\"async\" width=\"1024\" height=\"768\" data-id=\"695\" src=\"https:\/\/lacasadipiero.org\/wp-content\/uploads\/2024\/11\/IMG_6654-1024x768.jpeg\" alt=\"\" class=\"wp-image-695\" srcset=\"https:\/\/lacasadipiero.org\/wp-content\/uploads\/2024\/11\/IMG_6654-1024x768.jpeg 1024w, https:\/\/lacasadipiero.org\/wp-content\/uploads\/2024\/11\/IMG_6654-300x225.jpeg 300w, https:\/\/lacasadipiero.org\/wp-content\/uploads\/2024\/11\/IMG_6654-768x576.jpeg 768w, https:\/\/lacasadipiero.org\/wp-content\/uploads\/2024\/11\/IMG_6654-1536x1152.jpeg 1536w, https:\/\/lacasadipiero.org\/wp-content\/uploads\/2024\/11\/IMG_6654.jpeg 2048w\" sizes=\"(max-width: 1024px) 100vw, 1024px\" \/><\/figure>\n\n\n\n<figure class=\"wp-block-image size-large\"><img loading=\"lazy\" decoding=\"async\" width=\"1024\" height=\"768\" data-id=\"694\" src=\"https:\/\/lacasadipiero.org\/wp-content\/uploads\/2024\/11\/IMG_6662-1024x768.jpeg\" alt=\"\" class=\"wp-image-694\" srcset=\"https:\/\/lacasadipiero.org\/wp-content\/uploads\/2024\/11\/IMG_6662-1024x768.jpeg 1024w, https:\/\/lacasadipiero.org\/wp-content\/uploads\/2024\/11\/IMG_6662-300x225.jpeg 300w, https:\/\/lacasadipiero.org\/wp-content\/uploads\/2024\/11\/IMG_6662-768x576.jpeg 768w, https:\/\/lacasadipiero.org\/wp-content\/uploads\/2024\/11\/IMG_6662-1536x1152.jpeg 1536w, https:\/\/lacasadipiero.org\/wp-content\/uploads\/2024\/11\/IMG_6662.jpeg 2048w\" sizes=\"(max-width: 1024px) 100vw, 1024px\" \/><\/figure>\n\n\n\n<figure class=\"wp-block-image size-large\"><img loading=\"lazy\" decoding=\"async\" width=\"1024\" height=\"768\" data-id=\"697\" src=\"https:\/\/lacasadipiero.org\/wp-content\/uploads\/2024\/11\/Inaugurazione-IMG_6659-1024x768.jpg\" alt=\"\" class=\"wp-image-697\" srcset=\"https:\/\/lacasadipiero.org\/wp-content\/uploads\/2024\/11\/Inaugurazione-IMG_6659-1024x768.jpg 1024w, https:\/\/lacasadipiero.org\/wp-content\/uploads\/2024\/11\/Inaugurazione-IMG_6659-300x225.jpg 300w, https:\/\/lacasadipiero.org\/wp-content\/uploads\/2024\/11\/Inaugurazione-IMG_6659-768x576.jpg 768w, https:\/\/lacasadipiero.org\/wp-content\/uploads\/2024\/11\/Inaugurazione-IMG_6659-1536x1152.jpg 1536w, https:\/\/lacasadipiero.org\/wp-content\/uploads\/2024\/11\/Inaugurazione-IMG_6659.jpg 1900w\" sizes=\"(max-width: 1024px) 100vw, 1024px\" \/><\/figure>\n\n\n\n<figure class=\"wp-block-image size-large\"><img loading=\"lazy\" decoding=\"async\" width=\"1024\" height=\"768\" data-id=\"696\" src=\"https:\/\/lacasadipiero.org\/wp-content\/uploads\/2024\/11\/Massimo-e-Piero-IMG_6671-1024x768.jpg\" alt=\"\" class=\"wp-image-696\" srcset=\"https:\/\/lacasadipiero.org\/wp-content\/uploads\/2024\/11\/Massimo-e-Piero-IMG_6671-1024x768.jpg 1024w, https:\/\/lacasadipiero.org\/wp-content\/uploads\/2024\/11\/Massimo-e-Piero-IMG_6671-300x225.jpg 300w, https:\/\/lacasadipiero.org\/wp-content\/uploads\/2024\/11\/Massimo-e-Piero-IMG_6671-768x576.jpg 768w, https:\/\/lacasadipiero.org\/wp-content\/uploads\/2024\/11\/Massimo-e-Piero-IMG_6671-1536x1152.jpg 1536w, https:\/\/lacasadipiero.org\/wp-content\/uploads\/2024\/11\/Massimo-e-Piero-IMG_6671.jpg 2048w\" sizes=\"(max-width: 1024px) 100vw, 1024px\" \/><\/figure>\n<\/figure>\n\n\n\n<p>La realizzazione del progetto \u00e8 stata possibile grazie al contributo di <strong>Fondazione Cariplo<\/strong>, attraverso il bando dedicato all\u2019Housing sociale, e di Banca d\u2019Italia; al sostegno di Dolomiti Energia, con il progetto Sinergika; al supporto di associazioni e organizzazioni, che hanno promosso eventi per raccolte fondi a favore dell\u2019iniziativa; alla collaborazione di aziende e fornitori che hanno contribuito con sconti e agevolazioni su forniture e servizi.<\/p>\n\n\n\n<p><strong>La ristrutturazione dell\u2019immobile \u00e8 iniziata a ottobre 2021 e si \u00e8 conclusa formalmente a settembre 2024. <\/strong>Piero, ispiratore del progetto e proprietario dell\u2019immobile, \u00e8 tornato ad abitare, come primo ospite, lo scorso 23 luglio.<\/p>\n\n\n\n<p>A oggi il progetto ha richiesto un impegno economico di circa 900.000 \u20ac per la &nbsp;ristrutturazione e&nbsp; 50.000 \u20ac &nbsp;per gli arredi. Il prossimo step di attivit\u00e0 sar\u00e0 la gestione, a pieno regime, della struttura, che avverr\u00e0 in partnership con <strong>XENIA, cooperativa di tipo A<\/strong> ,che dal 1994 si occupa di assistenza e di servizi educativi per&nbsp; persone, provenienti dai pi\u00f9 diversi ambiti di fragilit\u00e0. Per la <strong>gestione della Casa<\/strong> sono previsti costi fissi annui di circa 50.000 \u20ac e &nbsp;\u20ac190.000 per le risorse umane ( Educatori, Oss , Assistente famigliare e gestionale, &nbsp;Direzione).<\/p>\n\n\n\n<p>La <strong>Casa di Piero<\/strong> \u00e8 destinata a ospitare stabilmente, incluso Piero, <strong>5 persone in situazione di disabilit\u00e0 medio-lieve con autonomia residua<\/strong>, al primo piano, e <strong>2 ospiti temporanei<\/strong> per periodi di sollievo e di formazione all\u2019autonomia personale e abitativa al piano terreno. \u00a0L\u2019obiettivo del progetto \u00e8 quello di evitare il ricorso all\u2019istituzionalizzazione (RSA) o all\u2019inserimento in strutture sociosanitarie ad alta intensit\u00e0 assistenziale, offrendo a persone con disabilit\u00e0 non gravi una condizione abitativa parzialmente assistita, di dimensioni familiari e in cui poter mantenere il pi\u00f9 a lungo possibile le autonomie acquisite.<\/p>\n\n\n\n<p>Stiamo ora interloquendo con i CISS e con le famiglie per introdurre i prossimi ospiti.<\/p>\n","protected":false},"excerpt":{"rendered":"<p>\u00c8 stata inaugurata il 7 ottobre 2024 La casa di Piero, il progetto abitativo della Cooperativa Sociale Isola Verde che rende concreto un modello di alloggio sociale per favorire percorsi di autonomia e integrazione di persone fragili. Una giornata di festa alla presenza delle istituzioni, di enti, fondazioni e associazioni che ci hanno accompagnato in [&hellip;]<\/p>\n","protected":false},"author":4,"featured_media":690,"comment_status":"open","ping_status":"open","sticky":false,"template":"","format":"standard","meta":{"rank_math_title":"","rank_math_description":"","rank_math_focus_keyword":"","rank_math_canonical_url":"","rank_math_robots":"","footnotes":""},"categories":[19],"tags":[20,28,30,29,24,26],"class_list":["post-689","post","type-post","status-publish","format-standard","has-post-thumbnail","hentry","category-progetto","tag-casa-di-piero","tag-confondazionecariplo","tag-disabilita","tag-durante-e-dopo-di-noi","tag-solidarieta","tag-verbania"],"_links":{"self":[{"href":"https:\/\/lacasadipiero.org\/index.php\/wp-json\/wp\/v2\/posts\/689","targetHints":{"allow":["GET"]}}],"collection":[{"href":"https:\/\/lacasadipiero.org\/index.php\/wp-json\/wp\/v2\/posts"}],"about":[{"href":"https:\/\/lacasadipiero.org\/index.php\/wp-json\/wp\/v2\/types\/post"}],"author":[{"embeddable":true,"href":"https:\/\/lacasadipiero.org\/index.php\/wp-json\/wp\/v2\/users\/4"}],"replies":[{"embeddable":true,"href":"https:\/\/lacasadipiero.org\/index.php\/wp-json\/wp\/v2\/comments?post=689"}],"version-history":[{"count":1,"href":"https:\/\/lacasadipiero.org\/index.php\/wp-json\/wp\/v2\/posts\/689\/revisions"}],"predecessor-version":[{"id":698,"href":"https:\/\/lacasadipiero.org\/index.php\/wp-json\/wp\/v2\/posts\/689\/revisions\/698"}],"wp:featuredmedia":[{"embeddable":true,"href":"https:\/\/lacasadipiero.org\/index.php\/wp-json\/wp\/v2\/media\/690"}],"wp:attachment":[{"href":"https:\/\/lacasadipiero.org\/index.php\/wp-json\/wp\/v2\/media?parent=689"}],"wp:term":[{"taxonomy":"category","embeddable":true,"href":"https:\/\/lacasadipiero.org\/index.php\/wp-json\/wp\/v2\/categories?post=689"},{"taxonomy":"post_tag","embeddable":true,"href":"https:\/\/lacasadipiero.org\/index.php\/wp-json\/wp\/v2\/tags?post=689"}],"curies":[{"name":"wp","href":"https:\/\/api.w.org\/{rel}","templated":true}]}}