{"id":709,"date":"2024-11-20T08:54:45","date_gmt":"2024-11-20T08:54:45","guid":{"rendered":"https:\/\/lacasadipiero.org\/?p=709"},"modified":"2024-11-20T08:55:17","modified_gmt":"2024-11-20T08:55:17","slug":"riprese-a-la-casa-di-piero","status":"publish","type":"post","link":"https:\/\/lacasadipiero.org\/index.php\/2024\/11\/20\/riprese-a-la-casa-di-piero\/","title":{"rendered":"Riprese a La Casa di Piero"},"content":{"rendered":"\n<p>Venerd\u00ec 15 novembre una piacevole giornata di riprese a La Casa di Piero con Manuela Rossi del <a href=\"https:\/\/www.ciesseti.eu\/it\">CST Novara e VCO<\/a>. Abbiamo organizzato una vera e  propria visita dove i diversi protagonisti del progetto hanno raccontato cosa abbiamo fatto per arrivare fin qui e cosa abbiamo in programma di fare.<\/p>\n\n\n\n<p>Anna Riva, project manager de La Casa di Piero, ha spiegato la partecipazione al Bando di <a href=\"https:\/\/www.fondazionecariplo.it\/it\/index.html\">Fondazione Cariplo<\/a> e le diverse partnership attivate nel corso del progetto, sottolineando l&#8217;importanza di fare rete per portare avanti bei progetti per la comunit\u00e0.<\/p>\n\n\n\n<p>Massimo Forni, coordinatore del progetto ed ex presidente di Isola Verde, ha fatto da vera e propria guida, illustrando i dettagli costruttivi, estetici e funzionali della Casa.<\/p>\n\n\n\n<p>Paola Forni, grande sostenitrice del progetto e vedova dell&#8217;ideatore della Casa, Mauro Francioli, ci ha accompagnato fin nel cuore di Mauro e del sogno di costruire un modello nuovo di abitare per chi come Piero vuole continuare una vita in autonomia e crescita.<\/p>\n\n\n\n<p>Barbara Del Sale, oss della <a href=\"https:\/\/www.xeniacoop.com\/\">Cooperativa Xenia<\/a>, che si occuper\u00e0 degli ospiti, ha raccontato il modello educativo e lo spirito de La Casa di Piero, molto lontano dall&#8217;idea &#8220;abitativa&#8221; di una RSA.<\/p>\n\n\n\n<p>Infine, Cristina Barberis Negra, che ha seguito la narrazione del progetto sin dalla prima pietra, ha dato uno sguardo sulle prossime attivit\u00e0 in programma per far diventare la Casa di Piero un luogo al centro della comunit\u00e0, attraverso l&#8217;organizzazione di incontri, porte aperte, attivit\u00e0 sociali aperte alla cittadinanza.<\/p>\n\n\n\n<p>La puntata di <strong>&#8220;L&#8217;infinito dentro un bisogno&#8221; <\/strong>, dedicata alla Casa di Piero, andr\u00e0 in onda su<a href=\"https:\/\/www.vcoazzurratv.it\/\"> <strong>VCO Azzurra tv <\/strong><\/a>gioved\u00ec 21 novembre alle 18.30 e in replica venerd\u00ec alle 13.00 e alle 21.00. Su <strong><a href=\"https:\/\/www.videonovara.it\/\">Video Novara<\/a><\/strong> venerd\u00ec 22 novembre alle 20.30 e in replica luned\u00ec alle 18.30 e mercoled\u00ec alle 17.30.<\/p>\n\n\n\n<figure class=\"wp-block-gallery has-nested-images columns-default is-cropped wp-block-gallery-1 is-layout-flex wp-block-gallery-is-layout-flex\">\n<figure class=\"wp-block-image size-large\"><img fetchpriority=\"high\" decoding=\"async\" width=\"1024\" height=\"1024\" data-id=\"716\" src=\"https:\/\/lacasadipiero.org\/wp-content\/uploads\/2024\/11\/IMG_7648-1024x1024.jpg\" alt=\"\" class=\"wp-image-716\" srcset=\"https:\/\/lacasadipiero.org\/wp-content\/uploads\/2024\/11\/IMG_7648-1024x1024.jpg 1024w, https:\/\/lacasadipiero.org\/wp-content\/uploads\/2024\/11\/IMG_7648-300x300.jpg 300w, https:\/\/lacasadipiero.org\/wp-content\/uploads\/2024\/11\/IMG_7648-150x150.jpg 150w, https:\/\/lacasadipiero.org\/wp-content\/uploads\/2024\/11\/IMG_7648-768x768.jpg 768w, https:\/\/lacasadipiero.org\/wp-content\/uploads\/2024\/11\/IMG_7648-1536x1536.jpg 1536w, https:\/\/lacasadipiero.org\/wp-content\/uploads\/2024\/11\/IMG_7648-2048x2048.jpg 2048w\" sizes=\"(max-width: 1024px) 100vw, 1024px\" \/><\/figure>\n\n\n\n<figure class=\"wp-block-image size-large\"><img decoding=\"async\" width=\"1024\" height=\"1024\" data-id=\"715\" src=\"https:\/\/lacasadipiero.org\/wp-content\/uploads\/2024\/11\/IMG_7667-1024x1024.jpg\" alt=\"\" class=\"wp-image-715\" srcset=\"https:\/\/lacasadipiero.org\/wp-content\/uploads\/2024\/11\/IMG_7667-1024x1024.jpg 1024w, https:\/\/lacasadipiero.org\/wp-content\/uploads\/2024\/11\/IMG_7667-300x300.jpg 300w, https:\/\/lacasadipiero.org\/wp-content\/uploads\/2024\/11\/IMG_7667-150x150.jpg 150w, https:\/\/lacasadipiero.org\/wp-content\/uploads\/2024\/11\/IMG_7667-768x768.jpg 768w, https:\/\/lacasadipiero.org\/wp-content\/uploads\/2024\/11\/IMG_7667-1536x1536.jpg 1536w, https:\/\/lacasadipiero.org\/wp-content\/uploads\/2024\/11\/IMG_7667-2048x2048.jpg 2048w\" sizes=\"(max-width: 1024px) 100vw, 1024px\" \/><\/figure>\n\n\n\n<figure class=\"wp-block-image size-large\"><img decoding=\"async\" width=\"1024\" height=\"1024\" data-id=\"710\" src=\"https:\/\/lacasadipiero.org\/wp-content\/uploads\/2024\/11\/IMG_7688-1024x1024.jpg\" alt=\"\" class=\"wp-image-710\" srcset=\"https:\/\/lacasadipiero.org\/wp-content\/uploads\/2024\/11\/IMG_7688-1024x1024.jpg 1024w, https:\/\/lacasadipiero.org\/wp-content\/uploads\/2024\/11\/IMG_7688-300x300.jpg 300w, https:\/\/lacasadipiero.org\/wp-content\/uploads\/2024\/11\/IMG_7688-150x150.jpg 150w, https:\/\/lacasadipiero.org\/wp-content\/uploads\/2024\/11\/IMG_7688-768x768.jpg 768w, https:\/\/lacasadipiero.org\/wp-content\/uploads\/2024\/11\/IMG_7688-1536x1536.jpg 1536w, https:\/\/lacasadipiero.org\/wp-content\/uploads\/2024\/11\/IMG_7688-2048x2048.jpg 2048w\" sizes=\"(max-width: 1024px) 100vw, 1024px\" \/><\/figure>\n\n\n\n<figure class=\"wp-block-image size-large\"><img loading=\"lazy\" decoding=\"async\" width=\"1024\" height=\"1024\" data-id=\"712\" src=\"https:\/\/lacasadipiero.org\/wp-content\/uploads\/2024\/11\/IMG_7686-1024x1024.jpg\" alt=\"\" class=\"wp-image-712\" srcset=\"https:\/\/lacasadipiero.org\/wp-content\/uploads\/2024\/11\/IMG_7686-1024x1024.jpg 1024w, https:\/\/lacasadipiero.org\/wp-content\/uploads\/2024\/11\/IMG_7686-300x300.jpg 300w, https:\/\/lacasadipiero.org\/wp-content\/uploads\/2024\/11\/IMG_7686-150x150.jpg 150w, https:\/\/lacasadipiero.org\/wp-content\/uploads\/2024\/11\/IMG_7686-768x768.jpg 768w, https:\/\/lacasadipiero.org\/wp-content\/uploads\/2024\/11\/IMG_7686-1536x1536.jpg 1536w, https:\/\/lacasadipiero.org\/wp-content\/uploads\/2024\/11\/IMG_7686-2048x2048.jpg 2048w\" sizes=\"(max-width: 1024px) 100vw, 1024px\" \/><\/figure>\n\n\n\n<figure class=\"wp-block-image size-large\"><img loading=\"lazy\" decoding=\"async\" width=\"768\" height=\"1024\" data-id=\"711\" src=\"https:\/\/lacasadipiero.org\/wp-content\/uploads\/2024\/11\/IMG_7696-768x1024.jpg\" alt=\"\" class=\"wp-image-711\" srcset=\"https:\/\/lacasadipiero.org\/wp-content\/uploads\/2024\/11\/IMG_7696-768x1024.jpg 768w, https:\/\/lacasadipiero.org\/wp-content\/uploads\/2024\/11\/IMG_7696-225x300.jpg 225w, https:\/\/lacasadipiero.org\/wp-content\/uploads\/2024\/11\/IMG_7696-1152x1536.jpg 1152w, https:\/\/lacasadipiero.org\/wp-content\/uploads\/2024\/11\/IMG_7696-1536x2048.jpg 1536w, https:\/\/lacasadipiero.org\/wp-content\/uploads\/2024\/11\/IMG_7696-scaled.jpg 1920w\" sizes=\"(max-width: 768px) 100vw, 768px\" \/><\/figure>\n<\/figure>\n","protected":false},"excerpt":{"rendered":"<p>Venerd\u00ec 15 novembre una piacevole giornata di riprese a La Casa di Piero con Manuela Rossi del CST Novara e VCO. Abbiamo organizzato una vera e propria visita dove i diversi protagonisti del progetto hanno raccontato cosa abbiamo fatto per arrivare fin qui e cosa abbiamo in programma di fare. Anna Riva, project manager de [&hellip;]<\/p>\n","protected":false},"author":4,"featured_media":713,"comment_status":"open","ping_status":"open","sticky":false,"template":"","format":"standard","meta":{"rank_math_title":"","rank_math_description":"","rank_math_focus_keyword":"","rank_math_canonical_url":"","rank_math_robots":"","footnotes":""},"categories":[18,19],"tags":[],"class_list":["post-709","post","type-post","status-publish","format-standard","has-post-thumbnail","hentry","category-amici-di-piero","category-progetto"],"_links":{"self":[{"href":"https:\/\/lacasadipiero.org\/index.php\/wp-json\/wp\/v2\/posts\/709","targetHints":{"allow":["GET"]}}],"collection":[{"href":"https:\/\/lacasadipiero.org\/index.php\/wp-json\/wp\/v2\/posts"}],"about":[{"href":"https:\/\/lacasadipiero.org\/index.php\/wp-json\/wp\/v2\/types\/post"}],"author":[{"embeddable":true,"href":"https:\/\/lacasadipiero.org\/index.php\/wp-json\/wp\/v2\/users\/4"}],"replies":[{"embeddable":true,"href":"https:\/\/lacasadipiero.org\/index.php\/wp-json\/wp\/v2\/comments?post=709"}],"version-history":[{"count":1,"href":"https:\/\/lacasadipiero.org\/index.php\/wp-json\/wp\/v2\/posts\/709\/revisions"}],"predecessor-version":[{"id":717,"href":"https:\/\/lacasadipiero.org\/index.php\/wp-json\/wp\/v2\/posts\/709\/revisions\/717"}],"wp:featuredmedia":[{"embeddable":true,"href":"https:\/\/lacasadipiero.org\/index.php\/wp-json\/wp\/v2\/media\/713"}],"wp:attachment":[{"href":"https:\/\/lacasadipiero.org\/index.php\/wp-json\/wp\/v2\/media?parent=709"}],"wp:term":[{"taxonomy":"category","embeddable":true,"href":"https:\/\/lacasadipiero.org\/index.php\/wp-json\/wp\/v2\/categories?post=709"},{"taxonomy":"post_tag","embeddable":true,"href":"https:\/\/lacasadipiero.org\/index.php\/wp-json\/wp\/v2\/tags?post=709"}],"curies":[{"name":"wp","href":"https:\/\/api.w.org\/{rel}","templated":true}]}}