{"id":754,"date":"2025-04-15T14:35:09","date_gmt":"2025-04-15T14:35:09","guid":{"rendered":"https:\/\/lacasadipiero.org\/?p=754"},"modified":"2025-04-15T14:39:26","modified_gmt":"2025-04-15T14:39:26","slug":"torna-un-te-a-casa-di-piero","status":"publish","type":"post","link":"https:\/\/lacasadipiero.org\/index.php\/2025\/04\/15\/torna-un-te-a-casa-di-piero\/","title":{"rendered":"Torna &#8220;Un t\u00e8 a casa di Piero&#8221;"},"content":{"rendered":"\n<p>Sono ricominciati venerd\u00ec 11 aprile gli appuntamenti intitolati &#8220;Un t\u00e8 a casa di Piero&#8221;. Titolo dell&#8217;incontro <strong>A cosa serve l\u2019amministrazione di sostegno?<\/strong> di cui \u00e8 stato ospite e relatore Luca Marchi, Direttore <a href=\"https:\/\/www.dopodinoi.org\/\" target=\"_blank\" rel=\"noreferrer noopener\">Fondazione Dopo di Noi Bologna<\/a><\/p>\n\n\n\n<p>Gli appuntamenti, organizzati dalla <strong><a href=\"https:\/\/www.isola-verde.it\/\" target=\"_blank\" rel=\"noreferrer noopener\">Cooperativa Isola Verde<\/a><\/strong> con <a href=\"https:\/\/www.xeniacoop.com\/\" target=\"_blank\" rel=\"noreferrer noopener\"><strong>Cooperativa Xenia<\/strong>,<\/a> in collaborazione con <strong><a href=\"https:\/\/www.anffasvco.it\/\" target=\"_blank\" rel=\"noreferrer noopener\">ANFFAS VCO<\/a>, <a href=\"https:\/\/angsa.it\/user\/angsa.verbania\/\" target=\"_blank\" rel=\"noreferrer noopener\">ANGSA VCO<\/a>, Crescere Insieme<\/strong> e con la partecipazione delle associazioni del territorio, sono riservati alle <strong>famiglie, ai caregiver e alle associazioni che si prendono cura di persone con disabilit\u00e0<\/strong>.<\/p>\n\n\n\n<p>Tutti gli incontri si terranno il venerd\u00ec alle ore 17.30 in diretta streaming nella sala al piano terra de La casa di Piero.<\/p>\n\n\n\n<ul class=\"wp-block-list\">\n<li>Venerd\u00ec 30 maggio, <strong>Affettivit\u00e0 e sessualit\u00e0<\/strong> con Anna Castagna, Psicologa e sessuologa&nbsp;clinica<\/li>\n\n\n\n<li>Venerd\u00ec 18 luglio, <strong>Decreto 62: cosa cambia?<\/strong> con Serafino Corti, Coordinatore Comitato Tecnico Scientifico dell\u2019Osservatorio Nazionale delle Persone&nbsp;con&nbsp;Disabilit\u00e0.<\/li>\n<\/ul>\n\n\n\n<p>Al termine di ogni incontro, nel perfetto clima famigliare che si respira nella \u201cCasa\u201d, verr\u00e0 organizzato <strong>un momento conviviale<\/strong> per tutti i partecipanti.<\/p>\n\n\n\n<p><em>\u00abPer dare modo ai familiari di partecipare con tranquillit\u00e0 all\u2019iniziativa <\/em>\u2013 spiegano gli organizzatori &#8211;<em> durante gli appuntamenti metteremo a disposizione <strong>educatori di Cooperativa Xenia&nbsp; e alcuni nostri volontari per condurre attivit\u00e0 creative<\/strong> <strong>e socializzanti<\/strong> con Piero e gli altri potenziali ospiti della Casa che vorranno condividere un momento esperienziale\u00bb<\/em>.<\/p>\n\n\n\n<p>Per partecipare e avere informazioni sugli incontri \u00e8 possibile scrivere a <a href=\"mailto:info@lacasadipiero.org\"><strong>info@lacasadipiero.org<\/strong><\/a><strong>, <\/strong>telefonare in ore ufficio allo <strong>0323 551 465<\/strong> o mandando un messaggio whatsapp a <strong>335 5756972<\/strong>.<\/p>\n\n\n\n<p>Gli incontri \u201cUn te a casa di Piero\u201d sono gratuiti fino a esaurimento posti. \u00c8 necessaria la prenotazione.<\/p>\n\n\n\n<figure class=\"wp-block-gallery has-nested-images columns-default is-cropped wp-block-gallery-1 is-layout-flex wp-block-gallery-is-layout-flex\">\n<figure class=\"wp-block-image size-large\"><img fetchpriority=\"high\" decoding=\"async\" width=\"1024\" height=\"768\" data-id=\"757\" src=\"https:\/\/lacasadipiero.org\/wp-content\/uploads\/2025\/04\/IMG_0729-1024x768.jpeg\" alt=\"\" class=\"wp-image-757\" srcset=\"https:\/\/lacasadipiero.org\/wp-content\/uploads\/2025\/04\/IMG_0729-1024x768.jpeg 1024w, https:\/\/lacasadipiero.org\/wp-content\/uploads\/2025\/04\/IMG_0729-300x225.jpeg 300w, https:\/\/lacasadipiero.org\/wp-content\/uploads\/2025\/04\/IMG_0729-768x576.jpeg 768w, https:\/\/lacasadipiero.org\/wp-content\/uploads\/2025\/04\/IMG_0729-1536x1152.jpeg 1536w, https:\/\/lacasadipiero.org\/wp-content\/uploads\/2025\/04\/IMG_0729.jpeg 2048w\" sizes=\"(max-width: 1024px) 100vw, 1024px\" \/><\/figure>\n\n\n\n<figure class=\"wp-block-image size-large\"><img decoding=\"async\" width=\"1024\" height=\"1024\" data-id=\"756\" src=\"https:\/\/lacasadipiero.org\/wp-content\/uploads\/2025\/04\/IMG_0733-1024x1024.jpeg\" alt=\"\" class=\"wp-image-756\" srcset=\"https:\/\/lacasadipiero.org\/wp-content\/uploads\/2025\/04\/IMG_0733-1024x1024.jpeg 1024w, https:\/\/lacasadipiero.org\/wp-content\/uploads\/2025\/04\/IMG_0733-300x300.jpeg 300w, https:\/\/lacasadipiero.org\/wp-content\/uploads\/2025\/04\/IMG_0733-150x150.jpeg 150w, https:\/\/lacasadipiero.org\/wp-content\/uploads\/2025\/04\/IMG_0733-768x768.jpeg 768w, https:\/\/lacasadipiero.org\/wp-content\/uploads\/2025\/04\/IMG_0733-1536x1536.jpeg 1536w, https:\/\/lacasadipiero.org\/wp-content\/uploads\/2025\/04\/IMG_0733.jpeg 1772w\" sizes=\"(max-width: 1024px) 100vw, 1024px\" \/><\/figure>\n<\/figure>\n","protected":false},"excerpt":{"rendered":"<p>Sono ricominciati venerd\u00ec 11 aprile gli appuntamenti intitolati &#8220;Un t\u00e8 a casa di Piero&#8221;. Titolo dell&#8217;incontro A cosa serve l\u2019amministrazione di sostegno? di cui \u00e8 stato ospite e relatore Luca Marchi, Direttore Fondazione Dopo di Noi Bologna Gli appuntamenti, organizzati dalla Cooperativa Isola Verde con Cooperativa Xenia, in collaborazione con ANFFAS VCO, ANGSA VCO, Crescere [&hellip;]<\/p>\n","protected":false},"author":4,"featured_media":755,"comment_status":"open","ping_status":"open","sticky":false,"template":"","format":"standard","meta":{"rank_math_title":"","rank_math_description":"","rank_math_focus_keyword":"","rank_math_canonical_url":"","rank_math_robots":"","footnotes":""},"categories":[31,32],"tags":[36,33,20,28,30,27,29,34,24,26],"class_list":["post-754","post","type-post","status-publish","format-standard","has-post-thumbnail","hentry","category-appuntamenti","category-autonomia","tag-attivita","tag-autonomia","tag-casa-di-piero","tag-confondazionecariplo","tag-disabilita","tag-dopo-di-noi","tag-durante-e-dopo-di-noi","tag-emancipazione","tag-solidarieta","tag-verbania"],"_links":{"self":[{"href":"https:\/\/lacasadipiero.org\/index.php\/wp-json\/wp\/v2\/posts\/754","targetHints":{"allow":["GET"]}}],"collection":[{"href":"https:\/\/lacasadipiero.org\/index.php\/wp-json\/wp\/v2\/posts"}],"about":[{"href":"https:\/\/lacasadipiero.org\/index.php\/wp-json\/wp\/v2\/types\/post"}],"author":[{"embeddable":true,"href":"https:\/\/lacasadipiero.org\/index.php\/wp-json\/wp\/v2\/users\/4"}],"replies":[{"embeddable":true,"href":"https:\/\/lacasadipiero.org\/index.php\/wp-json\/wp\/v2\/comments?post=754"}],"version-history":[{"count":2,"href":"https:\/\/lacasadipiero.org\/index.php\/wp-json\/wp\/v2\/posts\/754\/revisions"}],"predecessor-version":[{"id":762,"href":"https:\/\/lacasadipiero.org\/index.php\/wp-json\/wp\/v2\/posts\/754\/revisions\/762"}],"wp:featuredmedia":[{"embeddable":true,"href":"https:\/\/lacasadipiero.org\/index.php\/wp-json\/wp\/v2\/media\/755"}],"wp:attachment":[{"href":"https:\/\/lacasadipiero.org\/index.php\/wp-json\/wp\/v2\/media?parent=754"}],"wp:term":[{"taxonomy":"category","embeddable":true,"href":"https:\/\/lacasadipiero.org\/index.php\/wp-json\/wp\/v2\/categories?post=754"},{"taxonomy":"post_tag","embeddable":true,"href":"https:\/\/lacasadipiero.org\/index.php\/wp-json\/wp\/v2\/tags?post=754"}],"curies":[{"name":"wp","href":"https:\/\/api.w.org\/{rel}","templated":true}]}}