{"id":770,"date":"2025-06-16T14:54:21","date_gmt":"2025-06-16T14:54:21","guid":{"rendered":"https:\/\/lacasadipiero.org\/?p=770"},"modified":"2025-06-16T14:57:42","modified_gmt":"2025-06-16T14:57:42","slug":"affettivita-e-sessualita-ne-parliamo-con-la-psicologa-e-sessuologa-anna-castagna","status":"publish","type":"post","link":"https:\/\/lacasadipiero.org\/index.php\/2025\/06\/16\/affettivita-e-sessualita-ne-parliamo-con-la-psicologa-e-sessuologa-anna-castagna\/","title":{"rendered":"Affettivit\u00e0 e sessualit\u00e0: ne parliamo con Anna Castagna"},"content":{"rendered":"\n<p>Venerd\u00ec 30 maggio ospite dell&#8217;iniziativa &#8220;Un t\u00e8 a casa di Piero&#8221; \u00e8 stata Anna Castagna, Psicologa e sessuologa clinica che ha affrontato il tema &#8220;affettivit\u00e0 e sessualit\u00e0&#8221;. <\/p>\n\n\n\n<p>Presenti una decina di caregiver e operatori che hanno interagito con domande e riflessioni sulla nostra ospite, evidenziando quanto sia importante fare formazione, informazione ed educazione affinch\u00e8 l&#8217;inclusione delle persone con disabilit\u00e0 sia reale e diventi parte della quotidianit\u00e0 dell&#8217;intera societ\u00e0.<\/p>\n\n\n\n<p>Il prossimo appuntamento \u00e8 fissato per venerd\u00ec 18 luglio  con Serafino Corti, del Coordinatore Comitato Tecnico Scientifico dell\u2019Osservatorio Nazionale delle Persone con Disabilit\u00e0, che affronter\u00e0 il tema <strong>Decreto 62: cosa cambia?<\/strong><\/p>\n\n\n\n<p>Per partecipare e avere informazioni sugli incontri \u00e8 possibile: <\/p>\n\n\n\n<ul class=\"wp-block-list\">\n<li>scrivere a info@lacasadipiero.org <\/li>\n\n\n\n<li>telefonare in ore ufficio allo 0323 551 465 <\/li>\n\n\n\n<li>mandare un messaggio whatsapp a 335 5756972. <\/li>\n<\/ul>\n\n\n\n<p>Gli incontri \u201cUn te a casa di Piero\u201d sono gratuiti fino a esaurimento posti. \u00c8 necessaria la prenotazione.<\/p>\n\n\n\n<figure class=\"wp-block-embed is-type-video is-provider-youtube wp-block-embed-youtube wp-embed-aspect-16-9 wp-has-aspect-ratio\"><div class=\"wp-block-embed__wrapper\">\n<iframe title=\"Un te a casa di Piero\" width=\"800\" height=\"450\" src=\"https:\/\/www.youtube.com\/embed\/_GBar20Svxs?feature=oembed\" frameborder=\"0\" allow=\"accelerometer; autoplay; clipboard-write; encrypted-media; gyroscope; picture-in-picture; web-share\" referrerpolicy=\"strict-origin-when-cross-origin\" allowfullscreen><\/iframe>\n<\/div><\/figure>\n\n\n\n<p><\/p>\n","protected":false},"excerpt":{"rendered":"<p>Venerd\u00ec 30 maggio ospite dell&#8217;iniziativa &#8220;Un t\u00e8 a casa di Piero&#8221; \u00e8 stata Anna Castagna, Psicologa e sessuologa clinica che ha affrontato il tema &#8220;affettivit\u00e0 e sessualit\u00e0&#8221;. Presenti una decina di caregiver e operatori che hanno interagito con domande e riflessioni sulla nostra ospite, evidenziando quanto sia importante fare formazione, informazione ed educazione affinch\u00e8 l&#8217;inclusione [&hellip;]<\/p>\n","protected":false},"author":4,"featured_media":775,"comment_status":"open","ping_status":"open","sticky":false,"template":"","format":"standard","meta":{"rank_math_title":"","rank_math_description":"","rank_math_focus_keyword":"","rank_math_canonical_url":"","rank_math_robots":"","footnotes":""},"categories":[31],"tags":[],"class_list":["post-770","post","type-post","status-publish","format-standard","has-post-thumbnail","hentry","category-appuntamenti"],"_links":{"self":[{"href":"https:\/\/lacasadipiero.org\/index.php\/wp-json\/wp\/v2\/posts\/770","targetHints":{"allow":["GET"]}}],"collection":[{"href":"https:\/\/lacasadipiero.org\/index.php\/wp-json\/wp\/v2\/posts"}],"about":[{"href":"https:\/\/lacasadipiero.org\/index.php\/wp-json\/wp\/v2\/types\/post"}],"author":[{"embeddable":true,"href":"https:\/\/lacasadipiero.org\/index.php\/wp-json\/wp\/v2\/users\/4"}],"replies":[{"embeddable":true,"href":"https:\/\/lacasadipiero.org\/index.php\/wp-json\/wp\/v2\/comments?post=770"}],"version-history":[{"count":3,"href":"https:\/\/lacasadipiero.org\/index.php\/wp-json\/wp\/v2\/posts\/770\/revisions"}],"predecessor-version":[{"id":776,"href":"https:\/\/lacasadipiero.org\/index.php\/wp-json\/wp\/v2\/posts\/770\/revisions\/776"}],"wp:featuredmedia":[{"embeddable":true,"href":"https:\/\/lacasadipiero.org\/index.php\/wp-json\/wp\/v2\/media\/775"}],"wp:attachment":[{"href":"https:\/\/lacasadipiero.org\/index.php\/wp-json\/wp\/v2\/media?parent=770"}],"wp:term":[{"taxonomy":"category","embeddable":true,"href":"https:\/\/lacasadipiero.org\/index.php\/wp-json\/wp\/v2\/categories?post=770"},{"taxonomy":"post_tag","embeddable":true,"href":"https:\/\/lacasadipiero.org\/index.php\/wp-json\/wp\/v2\/tags?post=770"}],"curies":[{"name":"wp","href":"https:\/\/api.w.org\/{rel}","templated":true}]}}