{"id":777,"date":"2025-05-30T14:57:46","date_gmt":"2025-05-30T14:57:46","guid":{"rendered":"https:\/\/lacasadipiero.org\/?p=777"},"modified":"2025-06-16T15:27:33","modified_gmt":"2025-06-16T15:27:33","slug":"a-giugno-si-va-a-scuola-di-autonomia","status":"publish","type":"post","link":"https:\/\/lacasadipiero.org\/index.php\/2025\/05\/30\/a-giugno-si-va-a-scuola-di-autonomia\/","title":{"rendered":"A giugno si va a scuola di autonomia"},"content":{"rendered":"\n<p>Arteterapia, yoga, danzaterapia sono le tre discipline proposte a La casa di Piero, per muoversi, attivare nuove competenze e socializzare. Sono appuntamenti di un paio d&#8217;ore, aperti a persone con disabilit\u00e0 medio-lieve, di ogni et\u00e0.<\/p>\n\n\n\n<p>Accanto alle esperienze ludico-formative sono organizzati percorsi di autonomia brevi e settimanali in cui \u00e8 possibile mettersi alla prova con tutte le attivit\u00e0 domestiche e di cura di s\u00e8: dalla spesa, alla preparazione dei pasti, dalle pulizie di casa, all&#8217;igiene personale.<\/p>\n\n\n\n<p>Questo il calendario degli incontri.<\/p>\n\n\n\n<figure class=\"wp-block-gallery has-nested-images columns-default is-cropped wp-block-gallery-1 is-layout-flex wp-block-gallery-is-layout-flex\">\n<figure class=\"wp-block-image size-large\"><img fetchpriority=\"high\" decoding=\"async\" width=\"1024\" height=\"1024\" data-id=\"779\" src=\"https:\/\/lacasadipiero.org\/wp-content\/uploads\/2025\/06\/Pieghevole-attivita-giugno-A4-1024x1024.jpg\" alt=\"\" class=\"wp-image-779\" srcset=\"https:\/\/lacasadipiero.org\/wp-content\/uploads\/2025\/06\/Pieghevole-attivita-giugno-A4-1024x1024.jpg 1024w, https:\/\/lacasadipiero.org\/wp-content\/uploads\/2025\/06\/Pieghevole-attivita-giugno-A4-300x300.jpg 300w, https:\/\/lacasadipiero.org\/wp-content\/uploads\/2025\/06\/Pieghevole-attivita-giugno-A4-150x150.jpg 150w, https:\/\/lacasadipiero.org\/wp-content\/uploads\/2025\/06\/Pieghevole-attivita-giugno-A4-768x768.jpg 768w, https:\/\/lacasadipiero.org\/wp-content\/uploads\/2025\/06\/Pieghevole-attivita-giugno-A4-1536x1536.jpg 1536w, https:\/\/lacasadipiero.org\/wp-content\/uploads\/2025\/06\/Pieghevole-attivita-giugno-A4-2048x2048.jpg 2048w\" sizes=\"(max-width: 1024px) 100vw, 1024px\" \/><\/figure>\n\n\n\n<figure class=\"wp-block-image size-large\"><img decoding=\"async\" width=\"1024\" height=\"1024\" data-id=\"778\" src=\"https:\/\/lacasadipiero.org\/wp-content\/uploads\/2025\/06\/Pieghevole-attivita-giugno-A42-1024x1024.jpg\" alt=\"\" class=\"wp-image-778\" srcset=\"https:\/\/lacasadipiero.org\/wp-content\/uploads\/2025\/06\/Pieghevole-attivita-giugno-A42-1024x1024.jpg 1024w, https:\/\/lacasadipiero.org\/wp-content\/uploads\/2025\/06\/Pieghevole-attivita-giugno-A42-300x300.jpg 300w, https:\/\/lacasadipiero.org\/wp-content\/uploads\/2025\/06\/Pieghevole-attivita-giugno-A42-150x150.jpg 150w, https:\/\/lacasadipiero.org\/wp-content\/uploads\/2025\/06\/Pieghevole-attivita-giugno-A42-768x768.jpg 768w, https:\/\/lacasadipiero.org\/wp-content\/uploads\/2025\/06\/Pieghevole-attivita-giugno-A42-1536x1536.jpg 1536w, https:\/\/lacasadipiero.org\/wp-content\/uploads\/2025\/06\/Pieghevole-attivita-giugno-A42-2048x2048.jpg 2048w\" sizes=\"(max-width: 1024px) 100vw, 1024px\" \/><\/figure>\n<\/figure>\n","protected":false},"excerpt":{"rendered":"<p>Arteterapia, yoga, danzaterapia sono le tre discipline proposte a La casa di Piero, per muoversi, attivare nuove competenze e socializzare. Sono appuntamenti di un paio d&#8217;ore, aperti a persone con disabilit\u00e0 medio-lieve, di ogni et\u00e0. Accanto alle esperienze ludico-formative sono organizzati percorsi di autonomia brevi e settimanali in cui \u00e8 possibile mettersi alla prova con [&hellip;]<\/p>\n","protected":false},"author":4,"featured_media":780,"comment_status":"open","ping_status":"open","sticky":false,"template":"","format":"standard","meta":{"rank_math_title":"","rank_math_description":"","rank_math_focus_keyword":"","rank_math_canonical_url":"","rank_math_robots":"","footnotes":""},"categories":[31,32],"tags":[20,28,30,29,26],"class_list":["post-777","post","type-post","status-publish","format-standard","has-post-thumbnail","hentry","category-appuntamenti","category-autonomia","tag-casa-di-piero","tag-confondazionecariplo","tag-disabilita","tag-durante-e-dopo-di-noi","tag-verbania"],"_links":{"self":[{"href":"https:\/\/lacasadipiero.org\/index.php\/wp-json\/wp\/v2\/posts\/777","targetHints":{"allow":["GET"]}}],"collection":[{"href":"https:\/\/lacasadipiero.org\/index.php\/wp-json\/wp\/v2\/posts"}],"about":[{"href":"https:\/\/lacasadipiero.org\/index.php\/wp-json\/wp\/v2\/types\/post"}],"author":[{"embeddable":true,"href":"https:\/\/lacasadipiero.org\/index.php\/wp-json\/wp\/v2\/users\/4"}],"replies":[{"embeddable":true,"href":"https:\/\/lacasadipiero.org\/index.php\/wp-json\/wp\/v2\/comments?post=777"}],"version-history":[{"count":1,"href":"https:\/\/lacasadipiero.org\/index.php\/wp-json\/wp\/v2\/posts\/777\/revisions"}],"predecessor-version":[{"id":781,"href":"https:\/\/lacasadipiero.org\/index.php\/wp-json\/wp\/v2\/posts\/777\/revisions\/781"}],"wp:featuredmedia":[{"embeddable":true,"href":"https:\/\/lacasadipiero.org\/index.php\/wp-json\/wp\/v2\/media\/780"}],"wp:attachment":[{"href":"https:\/\/lacasadipiero.org\/index.php\/wp-json\/wp\/v2\/media?parent=777"}],"wp:term":[{"taxonomy":"category","embeddable":true,"href":"https:\/\/lacasadipiero.org\/index.php\/wp-json\/wp\/v2\/categories?post=777"},{"taxonomy":"post_tag","embeddable":true,"href":"https:\/\/lacasadipiero.org\/index.php\/wp-json\/wp\/v2\/tags?post=777"}],"curies":[{"name":"wp","href":"https:\/\/api.w.org\/{rel}","templated":true}]}}