{"id":787,"date":"2025-07-31T16:04:12","date_gmt":"2025-07-31T16:04:12","guid":{"rendered":"https:\/\/lacasadipiero.org\/?p=787"},"modified":"2025-08-01T07:16:51","modified_gmt":"2025-08-01T07:16:51","slug":"crono-tasso-in-ricordo-di-mauro-francioli","status":"publish","type":"post","link":"https:\/\/lacasadipiero.org\/index.php\/2025\/07\/31\/crono-tasso-in-ricordo-di-mauro-francioli\/","title":{"rendered":"Crono Tasso in ricordo di Mauro Francioli"},"content":{"rendered":"\n<p>L\u2019edizione 2025 della <strong>Crono Tasso<\/strong>, l&#8217;attesissima corsa e camminata benefica che da oltre 15 anni anima il territorio, \u00e8 stata intitolata a <strong>Mauro Francioli<\/strong>, figura di spicco del territorio, riconosciuto per il suo instancabile impegno nell&#8217;innovazione dei percorsi educativi e sociali, in particolare per le persone con disabilit\u00e0. <strong>La casa di Piero <\/strong>\u00e8 l\u2019ultimo progetto innovativo, in ordine di tempo, sostenuto da Mauro che \u00e8 stato un convinto e lungimirante promotore dell&#8217;idea di integrazione delle persone con disabilit\u00e0 nella societ\u00e0. Gi\u00e0 negli Anni &#8217;90, contribu\u00ec in modo determinante alla formazione dei <strong>Centri socio-formativi<\/strong>, che sono gli odierni centri diurni. Mauro ebbe l&#8217;intuizione che l&#8217;isolamento in laboratori protetti potesse isolare le persone, mentre era fondamentale garantire loro <strong>un&#8217;interazione quotidiana con la comunit\u00e0<\/strong>. Fu un pioniere nell&#8217;inserimento di persone con disabilit\u00e0 in contesti lavorativi, collaborando attivamente con aziende del territorio. Inoltre, cre\u00f2 i <strong>gruppi-appartamento<\/strong>, convinto che la disabilit\u00e0 dovesse inserirsi in contesti abitativi dove i ragazzi potessero sperimentare e sviluppare la propria autonomia.<\/p>\n\n\n\n<p>La Crono Tasso non \u00e8 solo un evento sportivo, ma una vera e propria <strong>festa per tutti<\/strong>, con la solidariet\u00e0 in primo piano. Storicamente organizzata da un consorzio di associazioni tra cui <strong>Corso di Corsa, Sunalegar, Comitato Insieme per Sant&#8217;Anna, Carnevale Sunese, Kiwanis Club Verbania e il CAI Sezione Pallanza<\/strong>, la manifestazione si \u00e8 sempre distinta per il suo forte impatto sociale. Novit\u00e0 di quest&#8217;anno \u00e8 stato anche il <strong>gemellaggio con B4B!<\/strong> <\/p>\n\n\n\n<p>Proprio nel nome di questa unione, dopo la gara, abbiamo fatto festa tutti insieme a <strong>Piazza San Vittore a Intra<\/strong>. Il ricavato della cena sar\u00e0 interamente devoluto a &#8220;La Casa di Piero&#8221;, per sostenere le <strong>attivit\u00e0 creative, i percorsi socializzanti giornalieri e le esperienze di vita autonoma<\/strong> dedicate alle persone con disabilit\u00e0.<\/p>\n\n\n\n<p><em>Nelle foto alcuni momenti della premiazione e l&#8217;emozionante scambio dell&#8217;albero di Tasso, simbolo della gara, tra Massimo Forni e il presidente di B4B Luca Parma, e tra Alfredo Fasolo e Paola Forni, moglie di Mauro Francioli.<\/em><\/p>\n\n\n\n<figure class=\"wp-block-gallery has-nested-images columns-default is-cropped wp-block-gallery-1 is-layout-flex wp-block-gallery-is-layout-flex\">\n<figure class=\"wp-block-image size-large\"><img fetchpriority=\"high\" decoding=\"async\" width=\"1024\" height=\"768\" data-id=\"790\" src=\"https:\/\/lacasadipiero.org\/wp-content\/uploads\/2025\/07\/IMG_2618-1024x768.jpeg\" alt=\"\" class=\"wp-image-790\" srcset=\"https:\/\/lacasadipiero.org\/wp-content\/uploads\/2025\/07\/IMG_2618-1024x768.jpeg 1024w, https:\/\/lacasadipiero.org\/wp-content\/uploads\/2025\/07\/IMG_2618-300x225.jpeg 300w, https:\/\/lacasadipiero.org\/wp-content\/uploads\/2025\/07\/IMG_2618-768x576.jpeg 768w, https:\/\/lacasadipiero.org\/wp-content\/uploads\/2025\/07\/IMG_2618-1536x1152.jpeg 1536w, https:\/\/lacasadipiero.org\/wp-content\/uploads\/2025\/07\/IMG_2618.jpeg 2048w\" sizes=\"(max-width: 1024px) 100vw, 1024px\" \/><\/figure>\n\n\n\n<figure class=\"wp-block-image size-large\"><img decoding=\"async\" width=\"768\" height=\"1024\" data-id=\"792\" src=\"https:\/\/lacasadipiero.org\/wp-content\/uploads\/2025\/07\/IMG_2635-768x1024.jpeg\" alt=\"\" class=\"wp-image-792\" srcset=\"https:\/\/lacasadipiero.org\/wp-content\/uploads\/2025\/07\/IMG_2635-768x1024.jpeg 768w, https:\/\/lacasadipiero.org\/wp-content\/uploads\/2025\/07\/IMG_2635-225x300.jpeg 225w, https:\/\/lacasadipiero.org\/wp-content\/uploads\/2025\/07\/IMG_2635-1152x1536.jpeg 1152w, https:\/\/lacasadipiero.org\/wp-content\/uploads\/2025\/07\/IMG_2635.jpeg 1536w\" sizes=\"(max-width: 768px) 100vw, 768px\" \/><\/figure>\n\n\n\n<figure class=\"wp-block-image size-large\"><img decoding=\"async\" width=\"768\" height=\"1024\" data-id=\"791\" src=\"https:\/\/lacasadipiero.org\/wp-content\/uploads\/2025\/07\/IMG_2639-768x1024.jpeg\" alt=\"\" class=\"wp-image-791\" srcset=\"https:\/\/lacasadipiero.org\/wp-content\/uploads\/2025\/07\/IMG_2639-768x1024.jpeg 768w, https:\/\/lacasadipiero.org\/wp-content\/uploads\/2025\/07\/IMG_2639-225x300.jpeg 225w, https:\/\/lacasadipiero.org\/wp-content\/uploads\/2025\/07\/IMG_2639-1152x1536.jpeg 1152w, https:\/\/lacasadipiero.org\/wp-content\/uploads\/2025\/07\/IMG_2639.jpeg 1536w\" sizes=\"(max-width: 768px) 100vw, 768px\" \/><\/figure>\n\n\n\n<figure class=\"wp-block-image size-large\"><img loading=\"lazy\" decoding=\"async\" width=\"1024\" height=\"768\" data-id=\"789\" src=\"https:\/\/lacasadipiero.org\/wp-content\/uploads\/2025\/07\/IMG_2628-1024x768.jpeg\" alt=\"\" class=\"wp-image-789\" srcset=\"https:\/\/lacasadipiero.org\/wp-content\/uploads\/2025\/07\/IMG_2628-1024x768.jpeg 1024w, https:\/\/lacasadipiero.org\/wp-content\/uploads\/2025\/07\/IMG_2628-300x225.jpeg 300w, https:\/\/lacasadipiero.org\/wp-content\/uploads\/2025\/07\/IMG_2628-768x576.jpeg 768w, https:\/\/lacasadipiero.org\/wp-content\/uploads\/2025\/07\/IMG_2628-1536x1152.jpeg 1536w, https:\/\/lacasadipiero.org\/wp-content\/uploads\/2025\/07\/IMG_2628.jpeg 2048w\" sizes=\"(max-width: 1024px) 100vw, 1024px\" \/><\/figure>\n<\/figure>\n\n\n\n<p><\/p>\n","protected":false},"excerpt":{"rendered":"<p>L\u2019edizione 2025 della Crono Tasso, l&#8217;attesissima corsa e camminata benefica che da oltre 15 anni anima il territorio, \u00e8 stata intitolata a Mauro Francioli, figura di spicco del territorio, riconosciuto per il suo instancabile impegno nell&#8217;innovazione dei percorsi educativi e sociali, in particolare per le persone con disabilit\u00e0. La casa di Piero \u00e8 l\u2019ultimo progetto [&hellip;]<\/p>\n","protected":false},"author":4,"featured_media":788,"comment_status":"open","ping_status":"open","sticky":false,"template":"","format":"standard","meta":{"rank_math_title":"","rank_math_description":"","rank_math_focus_keyword":"","rank_math_canonical_url":"","rank_math_robots":"","footnotes":""},"categories":[18,31,17,19],"tags":[22,20,28,29,23,21,24,26],"class_list":["post-787","post","type-post","status-publish","format-standard","has-post-thumbnail","hentry","category-amici-di-piero","category-appuntamenti","category-fundraising","category-progetto","tag-amici","tag-casa-di-piero","tag-confondazionecariplo","tag-durante-e-dopo-di-noi","tag-eventi","tag-fundraising","tag-solidarieta","tag-verbania"],"_links":{"self":[{"href":"https:\/\/lacasadipiero.org\/index.php\/wp-json\/wp\/v2\/posts\/787","targetHints":{"allow":["GET"]}}],"collection":[{"href":"https:\/\/lacasadipiero.org\/index.php\/wp-json\/wp\/v2\/posts"}],"about":[{"href":"https:\/\/lacasadipiero.org\/index.php\/wp-json\/wp\/v2\/types\/post"}],"author":[{"embeddable":true,"href":"https:\/\/lacasadipiero.org\/index.php\/wp-json\/wp\/v2\/users\/4"}],"replies":[{"embeddable":true,"href":"https:\/\/lacasadipiero.org\/index.php\/wp-json\/wp\/v2\/comments?post=787"}],"version-history":[{"count":2,"href":"https:\/\/lacasadipiero.org\/index.php\/wp-json\/wp\/v2\/posts\/787\/revisions"}],"predecessor-version":[{"id":794,"href":"https:\/\/lacasadipiero.org\/index.php\/wp-json\/wp\/v2\/posts\/787\/revisions\/794"}],"wp:featuredmedia":[{"embeddable":true,"href":"https:\/\/lacasadipiero.org\/index.php\/wp-json\/wp\/v2\/media\/788"}],"wp:attachment":[{"href":"https:\/\/lacasadipiero.org\/index.php\/wp-json\/wp\/v2\/media?parent=787"}],"wp:term":[{"taxonomy":"category","embeddable":true,"href":"https:\/\/lacasadipiero.org\/index.php\/wp-json\/wp\/v2\/categories?post=787"},{"taxonomy":"post_tag","embeddable":true,"href":"https:\/\/lacasadipiero.org\/index.php\/wp-json\/wp\/v2\/tags?post=787"}],"curies":[{"name":"wp","href":"https:\/\/api.w.org\/{rel}","templated":true}]}}