{"id":795,"date":"2025-08-01T07:44:54","date_gmt":"2025-08-01T07:44:54","guid":{"rendered":"https:\/\/lacasadipiero.org\/?p=795"},"modified":"2025-08-21T08:45:29","modified_gmt":"2025-08-21T08:45:29","slug":"una-vacanza-per-crescere-imparare-e-divertirsi","status":"publish","type":"post","link":"https:\/\/lacasadipiero.org\/index.php\/2025\/08\/01\/una-vacanza-per-crescere-imparare-e-divertirsi\/","title":{"rendered":"Una vacanza per crescere, imparare e divertirsi!"},"content":{"rendered":"\n<p>Che bello passare una giornata, o meglio ancora una settimana, in cui migliorare le proprie capacit\u00e0 di autonomia, fare nuove amicizie e sperimentare attivit\u00e0 stimolanti!<\/p>\n\n\n\n<p>Le nostre proposte sono un&#8217;occasione unica per le persone con disabilit\u00e0 di mettersi alla prova, vivere nuove esperienze e consolidare le proprie autonomie, in un&#8217;ottica di futuro indipendente. Allo stesso tempo, offrono alle famiglie la possibilit\u00e0 di sostenere i propri cari verso una vita autonoma e di ritagliarsi preziosi momenti di sollievo, sia per dedicarsi a s\u00e9 stesse, sia per abituarsi gradualmente all&#8217;indipendenza dei propri congiunti.<\/p>\n\n\n\n<p>Ecco le nostre proposte:<\/p>\n\n\n\n<h4 class=\"wp-block-heading\"><strong>Attivit\u00e0 pomeridiane<\/strong><\/h4>\n\n\n\n<ul class=\"wp-block-list\">\n<li><strong>Date:<\/strong> Venerd\u00ec 1, Marted\u00ec 5, Venerd\u00ec 8, Marted\u00ec 12<\/li>\n\n\n\n<li><strong>Orario:<\/strong>\n<ul class=\"wp-block-list\">\n<li><strong>14:00 &#8211; 16:00<\/strong>: <strong>Attivit\u00e0 ludico-creative<\/strong>, come arteterapia, ortoterapia, passeggiate e momenti di socializzazione.<\/li>\n\n\n\n<li><strong>16:00 &#8211; 20:00<\/strong>: <strong>Attivit\u00e0 di autonomia quotidiana<\/strong>, per esercitarsi nelle piccole e grandi sfide di ogni giorno.<\/li>\n<\/ul>\n<\/li>\n<\/ul>\n\n\n\n<hr class=\"wp-block-separator has-alpha-channel-opacity\"\/>\n\n\n\n<h4 class=\"wp-block-heading\"><strong>Settimane di autonomia<\/strong><\/h4>\n\n\n\n<ul class=\"wp-block-list\">\n<li><strong>Date:<\/strong> Da luned\u00ec 18 a venerd\u00ec 22 e da luned\u00ec 25 a venerd\u00ec 29<\/li>\n\n\n\n<li><strong>Descrizione:<\/strong>\n<ul class=\"wp-block-list\">\n<li>Vivi una settimana di vera autonomia, accompagnato dagli educatori delle cooperative <strong>Xenia<\/strong> e <strong>Isola Verde<\/strong>.<\/li>\n\n\n\n<li>Potrai sperimentare l&#8217;<strong>autonomia abitativa<\/strong>, fare <strong>escursioni<\/strong> nel territorio e vivere intense <strong>esperienze socializzanti<\/strong>.<\/li>\n<\/ul>\n<\/li>\n\n\n\n<li><strong>Logistica:<\/strong>\n<ul class=\"wp-block-list\">\n<li>L&#8217;accoglienza \u00e8 prevista il <strong>luned\u00ec alle 14:00<\/strong>.<\/li>\n\n\n\n<li>Le attivit\u00e0 si concluderanno il <strong>venerd\u00ec alle 22:00<\/strong>.<\/li>\n<\/ul>\n<\/li>\n<\/ul>\n\n\n\n<p>Un&#8217;occasione imperdibile per crescere insieme, passo dopo passo, verso una maggiore indipendenza e felicit\u00e0.<\/p>\n","protected":false},"excerpt":{"rendered":"<p>Che bello passare una giornata, o meglio ancora una settimana, in cui migliorare le proprie capacit\u00e0 di autonomia, fare nuove amicizie e sperimentare attivit\u00e0 stimolanti! Le nostre proposte sono un&#8217;occasione unica per le persone con disabilit\u00e0 di mettersi alla prova, vivere nuove esperienze e consolidare le proprie autonomie, in un&#8217;ottica di futuro indipendente. Allo stesso [&hellip;]<\/p>\n","protected":false},"author":4,"featured_media":796,"comment_status":"open","ping_status":"open","sticky":false,"template":"","format":"standard","meta":{"rank_math_title":"","rank_math_description":"","rank_math_focus_keyword":"","rank_math_canonical_url":"","rank_math_robots":"","footnotes":""},"categories":[31,32,19],"tags":[20,28,30,27,29,26],"class_list":["post-795","post","type-post","status-publish","format-standard","has-post-thumbnail","hentry","category-appuntamenti","category-autonomia","category-progetto","tag-casa-di-piero","tag-confondazionecariplo","tag-disabilita","tag-dopo-di-noi","tag-durante-e-dopo-di-noi","tag-verbania"],"_links":{"self":[{"href":"https:\/\/lacasadipiero.org\/index.php\/wp-json\/wp\/v2\/posts\/795","targetHints":{"allow":["GET"]}}],"collection":[{"href":"https:\/\/lacasadipiero.org\/index.php\/wp-json\/wp\/v2\/posts"}],"about":[{"href":"https:\/\/lacasadipiero.org\/index.php\/wp-json\/wp\/v2\/types\/post"}],"author":[{"embeddable":true,"href":"https:\/\/lacasadipiero.org\/index.php\/wp-json\/wp\/v2\/users\/4"}],"replies":[{"embeddable":true,"href":"https:\/\/lacasadipiero.org\/index.php\/wp-json\/wp\/v2\/comments?post=795"}],"version-history":[{"count":2,"href":"https:\/\/lacasadipiero.org\/index.php\/wp-json\/wp\/v2\/posts\/795\/revisions"}],"predecessor-version":[{"id":817,"href":"https:\/\/lacasadipiero.org\/index.php\/wp-json\/wp\/v2\/posts\/795\/revisions\/817"}],"wp:featuredmedia":[{"embeddable":true,"href":"https:\/\/lacasadipiero.org\/index.php\/wp-json\/wp\/v2\/media\/796"}],"wp:attachment":[{"href":"https:\/\/lacasadipiero.org\/index.php\/wp-json\/wp\/v2\/media?parent=795"}],"wp:term":[{"taxonomy":"category","embeddable":true,"href":"https:\/\/lacasadipiero.org\/index.php\/wp-json\/wp\/v2\/categories?post=795"},{"taxonomy":"post_tag","embeddable":true,"href":"https:\/\/lacasadipiero.org\/index.php\/wp-json\/wp\/v2\/tags?post=795"}],"curies":[{"name":"wp","href":"https:\/\/api.w.org\/{rel}","templated":true}]}}