{"id":798,"date":"2025-08-05T07:04:31","date_gmt":"2025-08-05T07:04:31","guid":{"rendered":"https:\/\/lacasadipiero.org\/?p=798"},"modified":"2025-08-05T07:05:45","modified_gmt":"2025-08-05T07:05:45","slug":"6000-euro-di-solidarieta-grazie-corso-di-corsa","status":"publish","type":"post","link":"https:\/\/lacasadipiero.org\/index.php\/2025\/08\/05\/6000-euro-di-solidarieta-grazie-corso-di-corsa\/","title":{"rendered":"6000 euro di solidariet\u00e0: grazie Corso di Corsa"},"content":{"rendered":"\n<p><img decoding=\"async\" height=\"16\" width=\"16\" src=\"https:\/\/static.xx.fbcdn.net\/images\/emoji.php\/v9\/t94\/1\/16\/1f49a.png\" alt=\"\ud83d\udc9a\"><img decoding=\"async\" height=\"16\" width=\"16\" src=\"https:\/\/static.xx.fbcdn.net\/images\/emoji.php\/v9\/t94\/1\/16\/1f49a.png\" alt=\"\ud83d\udc9a\"> \ud835\udfd4.\ud835\udfce\ud835\udfce\ud835\udfce \ud835\udc1e\ud835\udc2e\ud835\udc2b\ud835\udc28 <img decoding=\"async\" height=\"16\" width=\"16\" src=\"https:\/\/static.xx.fbcdn.net\/images\/emoji.php\/v9\/t94\/1\/16\/1f49a.png\" alt=\"\ud83d\udc9a\"><img decoding=\"async\" height=\"16\" width=\"16\" src=\"https:\/\/static.xx.fbcdn.net\/images\/emoji.php\/v9\/t94\/1\/16\/1f49a.png\" alt=\"\ud83d\udc9a\"> sono il prezioso risultato della generosit\u00e0 di tutti voi!!!! <\/p>\n\n\n\n<p>Grazie soprattutto a <strong>Corso di Corsa Verbania<\/strong>, e all&#8217;amico Alfredo Fasolo, che hanno organizzato la tradizionale corsa &#8211; camminata da Suna a Cavandone, intitolandola al nostro Mauro Francioli Grazie a tutti coloro che hanno partecipato con entusiasmo e spirito di solidariet\u00e0 alla Crono Tasso.<\/p>\n\n\n\n<p>Grazie a <strong>B4B &#8211; Beach for Babies<\/strong> e a tutti coloro che hanno partecipato alla cena dedicata a La casa di Piero nella splendida cornice di San Vittore.<\/p>\n\n\n\n<p>Grazie a chi si spende nei modi pi\u00f9 diversi per darci una mano e permetterci di <strong>offrire sempre pi\u00f9 opportunit\u00e0 alle persone con disabilit\u00e0 medio-lievi<\/strong>.<\/p>\n\n\n\n<p>I fondi raccolti grazie alla Crono Tasso sosterranno, infatti, proprio le attivit\u00e0 di socializzazione e autonomia in programma a La casa di Piero.<\/p>\n\n\n\n<p>Se volete continuare a sostenereci, grazie agli amici di Corso di Corsa, potete contribuire con <strong>una donazione in cambio degli allegri asciugamano della Crono Tasso.<\/strong> <\/p>\n\n\n\n<p>Con 10 euro non avrete un semplice telo per il mare o per la piscina, ma un oggetto speciale che &#8220;fa bene&#8221;.<\/p>\n\n\n\n<p>Ecco tutti i punti in cui potete trovarlo:<\/p>\n\n\n\n<div class=\"wp-block-media-text is-stacked-on-mobile\"><figure class=\"wp-block-media-text__media\"><img fetchpriority=\"high\" decoding=\"async\" width=\"737\" height=\"737\" src=\"https:\/\/lacasadipiero.org\/wp-content\/uploads\/2025\/08\/telo-mare.jpg\" alt=\"\" class=\"wp-image-800 size-full\" srcset=\"https:\/\/lacasadipiero.org\/wp-content\/uploads\/2025\/08\/telo-mare.jpg 737w, https:\/\/lacasadipiero.org\/wp-content\/uploads\/2025\/08\/telo-mare-300x300.jpg 300w, https:\/\/lacasadipiero.org\/wp-content\/uploads\/2025\/08\/telo-mare-150x150.jpg 150w\" sizes=\"(max-width: 737px) 100vw, 737px\" \/><\/figure><div class=\"wp-block-media-text__content\">\n<p>\ud835\udc01\ud835\udc1a\ud835\udc2b \ud835\udc00\ud835\udc2b\ud835\udc1e\ud835\udc27\ud835\udc1a \ud835\udc01\ud835\udc1e\ud835\udc1a\ud835\udc1c\ud835\udc21<\/p>\n\n\n\n<p>Via S. Bernardino, 49 &#8211; Verbania (vicino Teatro Maggiore)<\/p>\n\n\n\n<p>\ud835\udc0b&#8217;\ud835\udc1a\ud835\udc25\ud835\udc2d\ud835\udc2b\ud835\udc1a \ud835\udc22\ud835\udc26\ud835\udc26\ud835\udc1a\ud835\udc20\ud835\udc22\ud835\udc27\ud835\udc1e<\/p>\n\n\n\n<p>Salone Parrucchieri &#8211; Via della Resistenza 28 &#8211; Verbania &#8211; Intra<\/p>\n\n\n\n<p>\ud835\udc01\ud835\udc1a\ud835\udc2b \ud835\udc15\ud835\udc22\ud835\udc25\ud835\udc25\ud835\udc1a \ud835\udc01\ud835\udc1e\ud835\udc2b\ud835\udc27\ud835\udc28\ud835\udc1c\ud835\udc1c\ud835\udc21\ud835\udc22<\/p>\n\n\n\n<p>Viale G. Marsaglia, 7 &#8211; Premeno<\/p>\n<\/div><\/div>\n","protected":false},"excerpt":{"rendered":"<p>\ud835\udfd4.\ud835\udfce\ud835\udfce\ud835\udfce \ud835\udc1e\ud835\udc2e\ud835\udc2b\ud835\udc28 sono il prezioso risultato della generosit\u00e0 di tutti voi!!!! Grazie soprattutto a Corso di Corsa Verbania, e all&#8217;amico Alfredo Fasolo, che hanno organizzato la tradizionale corsa &#8211; camminata da Suna a Cavandone, intitolandola al nostro Mauro Francioli Grazie a tutti coloro che hanno partecipato con entusiasmo e spirito di solidariet\u00e0 alla Crono Tasso. [&hellip;]<\/p>\n","protected":false},"author":4,"featured_media":799,"comment_status":"open","ping_status":"open","sticky":false,"template":"","format":"standard","meta":{"rank_math_title":"","rank_math_description":"","rank_math_focus_keyword":"","rank_math_canonical_url":"","rank_math_robots":"","footnotes":""},"categories":[18,17],"tags":[22,20,28,30,27,29,23,21,24,26],"class_list":["post-798","post","type-post","status-publish","format-standard","has-post-thumbnail","hentry","category-amici-di-piero","category-fundraising","tag-amici","tag-casa-di-piero","tag-confondazionecariplo","tag-disabilita","tag-dopo-di-noi","tag-durante-e-dopo-di-noi","tag-eventi","tag-fundraising","tag-solidarieta","tag-verbania"],"_links":{"self":[{"href":"https:\/\/lacasadipiero.org\/index.php\/wp-json\/wp\/v2\/posts\/798","targetHints":{"allow":["GET"]}}],"collection":[{"href":"https:\/\/lacasadipiero.org\/index.php\/wp-json\/wp\/v2\/posts"}],"about":[{"href":"https:\/\/lacasadipiero.org\/index.php\/wp-json\/wp\/v2\/types\/post"}],"author":[{"embeddable":true,"href":"https:\/\/lacasadipiero.org\/index.php\/wp-json\/wp\/v2\/users\/4"}],"replies":[{"embeddable":true,"href":"https:\/\/lacasadipiero.org\/index.php\/wp-json\/wp\/v2\/comments?post=798"}],"version-history":[{"count":1,"href":"https:\/\/lacasadipiero.org\/index.php\/wp-json\/wp\/v2\/posts\/798\/revisions"}],"predecessor-version":[{"id":801,"href":"https:\/\/lacasadipiero.org\/index.php\/wp-json\/wp\/v2\/posts\/798\/revisions\/801"}],"wp:featuredmedia":[{"embeddable":true,"href":"https:\/\/lacasadipiero.org\/index.php\/wp-json\/wp\/v2\/media\/799"}],"wp:attachment":[{"href":"https:\/\/lacasadipiero.org\/index.php\/wp-json\/wp\/v2\/media?parent=798"}],"wp:term":[{"taxonomy":"category","embeddable":true,"href":"https:\/\/lacasadipiero.org\/index.php\/wp-json\/wp\/v2\/categories?post=798"},{"taxonomy":"post_tag","embeddable":true,"href":"https:\/\/lacasadipiero.org\/index.php\/wp-json\/wp\/v2\/tags?post=798"}],"curies":[{"name":"wp","href":"https:\/\/api.w.org\/{rel}","templated":true}]}}