{"id":803,"date":"2025-08-21T16:21:01","date_gmt":"2025-08-21T16:21:01","guid":{"rendered":"https:\/\/lacasadipiero.org\/?p=803"},"modified":"2025-08-21T08:37:48","modified_gmt":"2025-08-21T08:37:48","slug":"un-passo-verso-lautonomia-abitativa-settembre-a-la-casa-di-piero","status":"publish","type":"post","link":"https:\/\/lacasadipiero.org\/index.php\/2025\/08\/21\/un-passo-verso-lautonomia-abitativa-settembre-a-la-casa-di-piero\/","title":{"rendered":"Un passo verso l&#8217;autonomia abitativa: settembre a La Casa di Piero"},"content":{"rendered":"\n<p>L&#8217;indipendenza e la capacit\u00e0 di vivere da soli sono obiettivi importanti per tutti. Per le persone con disabilit\u00e0, raggiungere questi traguardi pu\u00f2 richiedere un percorso specifico, fatto di apprendimento, prove e socializzazione. \u00c8 con questa idea che <strong>La Casa di Piero<\/strong>, in collaborazione con gli educatori di Xenia e Isola Verde, propone, anche nel mese di settembre, un nuovo progetto settimanale dedicato all&#8217;autonomia abitativa.<\/p>\n\n\n\n<p>Le attivit\u00e0 si svolgeranno <strong>tutte le settimane, dal luned\u00ec al gioved\u00ec, dalle 14:00 alle 21:00<\/strong>, e sono pensate per creare un ambiente stimolante e di supporto.<\/p>\n\n\n\n<h3 class=\"wp-block-heading\">Cosa faremo insieme?<\/h3>\n\n\n\n<p>I partecipanti saranno coinvolti in un percorso ricco di spunti, suddiviso in due aree principali:<\/p>\n\n\n\n<ul class=\"wp-block-list\">\n<li><strong>Attivit\u00e0 ludico-creative<\/strong>: uno spazio per sviluppare la creativit\u00e0, le abilit\u00e0 manuali e le attitudini personali attraverso laboratori e giochi.<\/li>\n\n\n\n<li><strong>Attivit\u00e0 di autonomia quotidiana<\/strong>: dalla preparazione di un pasto, alla gestione degli spazi comuni, i partecipanti impareranno a prendersi cura di s\u00e9 e della propria casa. <\/li>\n\n\n\n<li><strong>Cena comunitaria<\/strong>, un momento perfetto per fare nuove amicizie e rafforzare i legami.<\/li>\n<\/ul>\n\n\n\n<figure class=\"wp-block-gallery has-nested-images columns-default is-cropped wp-block-gallery-1 is-layout-flex wp-block-gallery-is-layout-flex\">\n<figure class=\"wp-block-image size-large\"><img fetchpriority=\"high\" decoding=\"async\" width=\"768\" height=\"1024\" data-id=\"805\" src=\"https:\/\/lacasadipiero.org\/wp-content\/uploads\/2025\/08\/IMG-20250812-WA0008-768x1024.jpg\" alt=\"\" class=\"wp-image-805\" srcset=\"https:\/\/lacasadipiero.org\/wp-content\/uploads\/2025\/08\/IMG-20250812-WA0008-768x1024.jpg 768w, https:\/\/lacasadipiero.org\/wp-content\/uploads\/2025\/08\/IMG-20250812-WA0008-225x300.jpg 225w, https:\/\/lacasadipiero.org\/wp-content\/uploads\/2025\/08\/IMG-20250812-WA0008-1152x1536.jpg 1152w, https:\/\/lacasadipiero.org\/wp-content\/uploads\/2025\/08\/IMG-20250812-WA0008.jpg 1536w\" sizes=\"(max-width: 768px) 100vw, 768px\" \/><\/figure>\n\n\n\n<figure class=\"wp-block-image size-large\"><img decoding=\"async\" width=\"576\" height=\"1024\" data-id=\"808\" src=\"https:\/\/lacasadipiero.org\/wp-content\/uploads\/2025\/08\/20250412_145044-576x1024.jpg\" alt=\"\" class=\"wp-image-808\" srcset=\"https:\/\/lacasadipiero.org\/wp-content\/uploads\/2025\/08\/20250412_145044-576x1024.jpg 576w, https:\/\/lacasadipiero.org\/wp-content\/uploads\/2025\/08\/20250412_145044-169x300.jpg 169w, https:\/\/lacasadipiero.org\/wp-content\/uploads\/2025\/08\/20250412_145044-768x1365.jpg 768w, https:\/\/lacasadipiero.org\/wp-content\/uploads\/2025\/08\/20250412_145044-864x1536.jpg 864w, https:\/\/lacasadipiero.org\/wp-content\/uploads\/2025\/08\/20250412_145044.jpg 907w\" sizes=\"(max-width: 576px) 100vw, 576px\" \/><\/figure>\n\n\n\n<figure class=\"wp-block-image size-large\"><img decoding=\"async\" width=\"576\" height=\"1024\" data-id=\"807\" src=\"https:\/\/lacasadipiero.org\/wp-content\/uploads\/2025\/08\/WhatsApp-Image-2025-08-11-at-17.05.35_d30e5654-576x1024.jpg\" alt=\"\" class=\"wp-image-807\" srcset=\"https:\/\/lacasadipiero.org\/wp-content\/uploads\/2025\/08\/WhatsApp-Image-2025-08-11-at-17.05.35_d30e5654-576x1024.jpg 576w, https:\/\/lacasadipiero.org\/wp-content\/uploads\/2025\/08\/WhatsApp-Image-2025-08-11-at-17.05.35_d30e5654-169x300.jpg 169w, https:\/\/lacasadipiero.org\/wp-content\/uploads\/2025\/08\/WhatsApp-Image-2025-08-11-at-17.05.35_d30e5654-768x1365.jpg 768w, https:\/\/lacasadipiero.org\/wp-content\/uploads\/2025\/08\/WhatsApp-Image-2025-08-11-at-17.05.35_d30e5654-864x1536.jpg 864w, https:\/\/lacasadipiero.org\/wp-content\/uploads\/2025\/08\/WhatsApp-Image-2025-08-11-at-17.05.35_d30e5654.jpg 900w\" sizes=\"(max-width: 576px) 100vw, 576px\" \/><\/figure>\n\n\n\n<figure class=\"wp-block-image size-large\"><img loading=\"lazy\" decoding=\"async\" width=\"1024\" height=\"768\" data-id=\"806\" src=\"https:\/\/lacasadipiero.org\/wp-content\/uploads\/2025\/08\/IMG-20250812-WA0012-1024x768.jpg\" alt=\"\" class=\"wp-image-806\" srcset=\"https:\/\/lacasadipiero.org\/wp-content\/uploads\/2025\/08\/IMG-20250812-WA0012-1024x768.jpg 1024w, https:\/\/lacasadipiero.org\/wp-content\/uploads\/2025\/08\/IMG-20250812-WA0012-300x225.jpg 300w, https:\/\/lacasadipiero.org\/wp-content\/uploads\/2025\/08\/IMG-20250812-WA0012-768x576.jpg 768w, https:\/\/lacasadipiero.org\/wp-content\/uploads\/2025\/08\/IMG-20250812-WA0012-1536x1152.jpg 1536w, https:\/\/lacasadipiero.org\/wp-content\/uploads\/2025\/08\/IMG-20250812-WA0012.jpg 2048w\" sizes=\"(max-width: 1024px) 100vw, 1024px\" \/><\/figure>\n<\/figure>\n\n\n\n<p>Il progetto si basa su un approccio personalizzato: ogni gruppo sar\u00e0 composto da un minimo di <strong>3 partecipanti<\/strong>, garantendo cos\u00ec un&#8217;attenzione costante da parte degli educatori. Questa formula a <strong>numero chiuso<\/strong> richiede la prenotazione anticipata, da effettuare almeno 7 giorni prima dell&#8217;attivit\u00e0.<\/p>\n\n\n\n<p>\u00c8 un&#8217;occasione per mettersi alla prova, acquisire sicurezza e prepararsi a un futuro pi\u00f9 autonomo, il tutto in un ambiente accogliente e protetto come <strong>La Casa di Piero<\/strong>.<\/p>\n\n\n\n<h3 class=\"wp-block-heading\">Vuoi partecipare?<\/h3>\n\n\n\n<p>Per maggiori informazioni o per prenotare il tuo posto, contattaci:<\/p>\n\n\n\n<ul class=\"wp-block-list\">\n<li><strong>Email<\/strong>: info@lacasadipiero.org<\/li>\n\n\n\n<li><strong>Telefono<\/strong>: 0323 551 465<\/li>\n\n\n\n<li><strong>Cellulare<\/strong>: 347 4318398 | 335 5756972<\/li>\n<\/ul>\n","protected":false},"excerpt":{"rendered":"<p>L&#8217;indipendenza e la capacit\u00e0 di vivere da soli sono obiettivi importanti per tutti. Per le persone con disabilit\u00e0, raggiungere questi traguardi pu\u00f2 richiedere un percorso specifico, fatto di apprendimento, prove e socializzazione. \u00c8 con questa idea che La Casa di Piero, in collaborazione con gli educatori di Xenia e Isola Verde, propone, anche nel mese [&hellip;]<\/p>\n","protected":false},"author":4,"featured_media":804,"comment_status":"open","ping_status":"open","sticky":false,"template":"","format":"standard","meta":{"rank_math_title":"","rank_math_description":"","rank_math_focus_keyword":"","rank_math_canonical_url":"","rank_math_robots":"","footnotes":""},"categories":[31,32],"tags":[37,38,33,20,28,30,27,29,26],"class_list":["post-803","post","type-post","status-publish","format-standard","has-post-thumbnail","hentry","category-appuntamenti","category-autonomia","tag-abilita","tag-autonomamente","tag-autonomia","tag-casa-di-piero","tag-confondazionecariplo","tag-disabilita","tag-dopo-di-noi","tag-durante-e-dopo-di-noi","tag-verbania"],"_links":{"self":[{"href":"https:\/\/lacasadipiero.org\/index.php\/wp-json\/wp\/v2\/posts\/803","targetHints":{"allow":["GET"]}}],"collection":[{"href":"https:\/\/lacasadipiero.org\/index.php\/wp-json\/wp\/v2\/posts"}],"about":[{"href":"https:\/\/lacasadipiero.org\/index.php\/wp-json\/wp\/v2\/types\/post"}],"author":[{"embeddable":true,"href":"https:\/\/lacasadipiero.org\/index.php\/wp-json\/wp\/v2\/users\/4"}],"replies":[{"embeddable":true,"href":"https:\/\/lacasadipiero.org\/index.php\/wp-json\/wp\/v2\/comments?post=803"}],"version-history":[{"count":1,"href":"https:\/\/lacasadipiero.org\/index.php\/wp-json\/wp\/v2\/posts\/803\/revisions"}],"predecessor-version":[{"id":809,"href":"https:\/\/lacasadipiero.org\/index.php\/wp-json\/wp\/v2\/posts\/803\/revisions\/809"}],"wp:featuredmedia":[{"embeddable":true,"href":"https:\/\/lacasadipiero.org\/index.php\/wp-json\/wp\/v2\/media\/804"}],"wp:attachment":[{"href":"https:\/\/lacasadipiero.org\/index.php\/wp-json\/wp\/v2\/media?parent=803"}],"wp:term":[{"taxonomy":"category","embeddable":true,"href":"https:\/\/lacasadipiero.org\/index.php\/wp-json\/wp\/v2\/categories?post=803"},{"taxonomy":"post_tag","embeddable":true,"href":"https:\/\/lacasadipiero.org\/index.php\/wp-json\/wp\/v2\/tags?post=803"}],"curies":[{"name":"wp","href":"https:\/\/api.w.org\/{rel}","templated":true}]}}