{"id":810,"date":"2025-08-28T08:29:00","date_gmt":"2025-08-28T08:29:00","guid":{"rendered":"https:\/\/lacasadipiero.org\/?p=810"},"modified":"2025-08-21T08:38:22","modified_gmt":"2025-08-21T08:38:22","slug":"settembre-percorsi-per-crescere-insieme","status":"publish","type":"post","link":"https:\/\/lacasadipiero.org\/index.php\/2025\/08\/28\/settembre-percorsi-per-crescere-insieme\/","title":{"rendered":"Settembre: percorsi per crescere insieme"},"content":{"rendered":"\n<p>A <strong>La casa di Piero<\/strong> iniziano a settembre due nuovi percorsi dedicati all&#8217;autonomia abitativa e alla socializzazione, pensati per persone con disabilit\u00e0 medio-lievi che desiderano migliorare le proprie abilit\u00e0 e vivere con maggiore indipendenza. Grazie alla collaborazione degli educatori di <strong>Cooperativa Xenia<\/strong> e <strong>Cooperativa Isola Verde<\/strong>, i partecipanti avranno l&#8217;opportunit\u00e0 di mettersi alla prova in un ambiente accogliente e stimolante.<\/p>\n\n\n\n<p>I percorsi sono studiati per favorire la crescita personale, la socializzazione e l&#8217;acquisizione di competenze pratiche, il tutto in un contesto protetto e con il supporto di professionisti. Per garantire la qualit\u00e0 dell&#8217;esperienza, ogni attivit\u00e0 si svolger\u00e0 in piccoli gruppi, con un minimo di <strong>3 partecipanti<\/strong>.<\/p>\n\n\n\n<p><strong>Week-end a Casa di Piero: un&#8217;esperienza breve ma intensa<\/strong><\/p>\n\n\n\n<p><strong>Dal 5 al 7 e dal 19 al 20 settembre<\/strong>, i partecipanti potranno vivere un&#8217;esperienza di autonomia di due giorni. Questo percorso offre l&#8217;opportunit\u00e0 di familiarizzare con le dinamiche di gestione della casa, partecipare ad attivit\u00e0 ludico-creative e vivere momenti di socializzazione. Il week-end inizia il primo giorno alle 14:00 e si conclude alle 16:00 dell\u2019ultimo giorno. \u00c8 l&#8217;ideale per un primo approccio a questo tipo di esperienza.<\/p>\n\n\n\n<p><strong>&#8220;Autonomamente&#8221;: una settimana per costruire il proprio futuro<\/strong><\/p>\n\n\n\n<p>Per chi desidera un percorso pi\u00f9 approfondito, <strong>dall&#8217;8 al 12 settembre<\/strong> si terr\u00e0 &#8220;Autonomamente&#8221;, un&#8217;intera settimana dedicata allo sviluppo dell&#8217;indipendenza. Oltre alle attivit\u00e0 di autonomia abitativa con il supporto di un educatore, il programma prevede <strong>escursioni sul territorio<\/strong> per scoprire e interagire con la comunit\u00e0 locale, e altre esperienze socializzanti. L&#8217;accoglienza \u00e8 luned\u00ec alle 14:00, con conclusione venerd\u00ec alle 16:00.<\/p>\n\n\n\n<p><strong>Come partecipare?<\/strong><\/p>\n\n\n\n<p>Entrambi i percorsi sono a numero chiuso. La prenotazione \u00e8 obbligatoria e deve essere effettuata almeno <strong>7 giorni prima<\/strong> dell&#8217;inizio dell&#8217;attivit\u00e0.<\/p>\n\n\n\n<p>Per informazioni e prenotazioni, contattateci:<\/p>\n\n\n\n<ul class=\"wp-block-list\">\n<li><strong>Email<\/strong>: info@lacasadipiero.org<\/li>\n\n\n\n<li><strong>Telefono<\/strong>: 0323 551 465<\/li>\n\n\n\n<li><strong>Cellulare<\/strong>: 347 4318398 | 335 5756972<\/li>\n<\/ul>\n\n\n\n<p>\u00c8 possibile, su richiesta, organizzare settimane o attivit\u00e0 socializzanti in altri periodi.<\/p>\n\n\n\n<figure class=\"wp-block-gallery has-nested-images columns-default is-cropped wp-block-gallery-1 is-layout-flex wp-block-gallery-is-layout-flex\">\n<figure class=\"wp-block-image size-large\"><img fetchpriority=\"high\" decoding=\"async\" width=\"1024\" height=\"768\" data-id=\"814\" src=\"https:\/\/lacasadipiero.org\/wp-content\/uploads\/2025\/08\/IMG-20250812-WA0028-1024x768.jpg\" alt=\"\" class=\"wp-image-814\" srcset=\"https:\/\/lacasadipiero.org\/wp-content\/uploads\/2025\/08\/IMG-20250812-WA0028-1024x768.jpg 1024w, https:\/\/lacasadipiero.org\/wp-content\/uploads\/2025\/08\/IMG-20250812-WA0028-300x225.jpg 300w, https:\/\/lacasadipiero.org\/wp-content\/uploads\/2025\/08\/IMG-20250812-WA0028-768x576.jpg 768w, https:\/\/lacasadipiero.org\/wp-content\/uploads\/2025\/08\/IMG-20250812-WA0028-1536x1153.jpg 1536w, https:\/\/lacasadipiero.org\/wp-content\/uploads\/2025\/08\/IMG-20250812-WA0028.jpg 1599w\" sizes=\"(max-width: 1024px) 100vw, 1024px\" \/><\/figure>\n\n\n\n<figure class=\"wp-block-image size-large\"><img decoding=\"async\" width=\"1024\" height=\"768\" data-id=\"813\" src=\"https:\/\/lacasadipiero.org\/wp-content\/uploads\/2025\/08\/IMG-20250812-WA0030-1024x768.jpg\" alt=\"\" class=\"wp-image-813\" srcset=\"https:\/\/lacasadipiero.org\/wp-content\/uploads\/2025\/08\/IMG-20250812-WA0030-1024x768.jpg 1024w, https:\/\/lacasadipiero.org\/wp-content\/uploads\/2025\/08\/IMG-20250812-WA0030-300x225.jpg 300w, https:\/\/lacasadipiero.org\/wp-content\/uploads\/2025\/08\/IMG-20250812-WA0030-768x576.jpg 768w, https:\/\/lacasadipiero.org\/wp-content\/uploads\/2025\/08\/IMG-20250812-WA0030-1536x1153.jpg 1536w, https:\/\/lacasadipiero.org\/wp-content\/uploads\/2025\/08\/IMG-20250812-WA0030.jpg 1599w\" sizes=\"(max-width: 1024px) 100vw, 1024px\" \/><\/figure>\n\n\n\n<figure class=\"wp-block-image size-large\"><img decoding=\"async\" width=\"1024\" height=\"768\" data-id=\"812\" src=\"https:\/\/lacasadipiero.org\/wp-content\/uploads\/2025\/08\/IMG-20250812-WA0035-1024x768.jpg\" alt=\"\" class=\"wp-image-812\" srcset=\"https:\/\/lacasadipiero.org\/wp-content\/uploads\/2025\/08\/IMG-20250812-WA0035-1024x768.jpg 1024w, https:\/\/lacasadipiero.org\/wp-content\/uploads\/2025\/08\/IMG-20250812-WA0035-300x225.jpg 300w, https:\/\/lacasadipiero.org\/wp-content\/uploads\/2025\/08\/IMG-20250812-WA0035-768x576.jpg 768w, https:\/\/lacasadipiero.org\/wp-content\/uploads\/2025\/08\/IMG-20250812-WA0035-1536x1153.jpg 1536w, https:\/\/lacasadipiero.org\/wp-content\/uploads\/2025\/08\/IMG-20250812-WA0035.jpg 1599w\" sizes=\"(max-width: 1024px) 100vw, 1024px\" \/><\/figure>\n<\/figure>\n","protected":false},"excerpt":{"rendered":"<p>A La casa di Piero iniziano a settembre due nuovi percorsi dedicati all&#8217;autonomia abitativa e alla socializzazione, pensati per persone con disabilit\u00e0 medio-lievi che desiderano migliorare le proprie abilit\u00e0 e vivere con maggiore indipendenza. Grazie alla collaborazione degli educatori di Cooperativa Xenia e Cooperativa Isola Verde, i partecipanti avranno l&#8217;opportunit\u00e0 di mettersi alla prova in [&hellip;]<\/p>\n","protected":false},"author":4,"featured_media":811,"comment_status":"open","ping_status":"open","sticky":false,"template":"","format":"standard","meta":{"rank_math_title":"","rank_math_description":"","rank_math_focus_keyword":"","rank_math_canonical_url":"","rank_math_robots":"","footnotes":""},"categories":[31,32],"tags":[37,38,33,20,28,30,27,29,26],"class_list":["post-810","post","type-post","status-publish","format-standard","has-post-thumbnail","hentry","category-appuntamenti","category-autonomia","tag-abilita","tag-autonomamente","tag-autonomia","tag-casa-di-piero","tag-confondazionecariplo","tag-disabilita","tag-dopo-di-noi","tag-durante-e-dopo-di-noi","tag-verbania"],"_links":{"self":[{"href":"https:\/\/lacasadipiero.org\/index.php\/wp-json\/wp\/v2\/posts\/810","targetHints":{"allow":["GET"]}}],"collection":[{"href":"https:\/\/lacasadipiero.org\/index.php\/wp-json\/wp\/v2\/posts"}],"about":[{"href":"https:\/\/lacasadipiero.org\/index.php\/wp-json\/wp\/v2\/types\/post"}],"author":[{"embeddable":true,"href":"https:\/\/lacasadipiero.org\/index.php\/wp-json\/wp\/v2\/users\/4"}],"replies":[{"embeddable":true,"href":"https:\/\/lacasadipiero.org\/index.php\/wp-json\/wp\/v2\/comments?post=810"}],"version-history":[{"count":2,"href":"https:\/\/lacasadipiero.org\/index.php\/wp-json\/wp\/v2\/posts\/810\/revisions"}],"predecessor-version":[{"id":816,"href":"https:\/\/lacasadipiero.org\/index.php\/wp-json\/wp\/v2\/posts\/810\/revisions\/816"}],"wp:featuredmedia":[{"embeddable":true,"href":"https:\/\/lacasadipiero.org\/index.php\/wp-json\/wp\/v2\/media\/811"}],"wp:attachment":[{"href":"https:\/\/lacasadipiero.org\/index.php\/wp-json\/wp\/v2\/media?parent=810"}],"wp:term":[{"taxonomy":"category","embeddable":true,"href":"https:\/\/lacasadipiero.org\/index.php\/wp-json\/wp\/v2\/categories?post=810"},{"taxonomy":"post_tag","embeddable":true,"href":"https:\/\/lacasadipiero.org\/index.php\/wp-json\/wp\/v2\/tags?post=810"}],"curies":[{"name":"wp","href":"https:\/\/api.w.org\/{rel}","templated":true}]}}