{"id":853,"date":"2025-11-28T20:08:09","date_gmt":"2025-11-28T20:08:09","guid":{"rendered":"https:\/\/lacasadipiero.org\/?p=853"},"modified":"2025-11-14T08:21:40","modified_gmt":"2025-11-14T08:21:40","slug":"pulcinella-e-la-lettera-a-babbo-natale","status":"publish","type":"post","link":"https:\/\/lacasadipiero.org\/index.php\/2025\/11\/28\/pulcinella-e-la-lettera-a-babbo-natale\/","title":{"rendered":"Pulcinella e la lettera a Babbo Natale"},"content":{"rendered":"\n<p>Un appuntamento natalizio speciale a La casa di Piero. Il t\u00e8 di dicembre lo dedichiamo a un momento di teatro partecipato.<\/p>\n\n\n\n<p>Insieme all&#8217;attore Roberto Galluccio, chi vorr\u00e0, parteciper\u00e0 allo spettacolo interattivo &#8220;<strong>Pulcinella e la lettera a Babbo Natale<\/strong>&#8220;. Un&#8217;occasione per stare insieme, visitare La casa di Piero, scoprirne programmi e opportunit\u00e0.<\/p>\n\n\n\n<p>L&#8217;appuntamento \u00e8 fissato alle <strong>ore 17 di venerd\u00ec 12 dicembre<\/strong>.<\/p>\n\n\n\n<p>Roberto Galluccio, campano di origine, da 25 anni teatrante, come ama definirsi, \u00e8 co-fondatore della Confraternita dei Guitti, una compagnia che spazia dal teatro ragazzi alla commedia dell\u2019arte, con un grande interesse nei confronti della narrazione popolare, di quelle storie fatte da personaggi anonimi nei quali ciascuno di noi pu\u00f2 ritrovarsi. <\/p>\n\n\n\n<p>A conclusione dello spettacolo \u00e8 previsto un t\u00e8 con i pasticcini per un festoso scambio di Natale e per fare progetti per il futuro.<\/p>\n\n\n\n<p>Lo spettacolo \u00e8 aperto a tutti e contribuir\u00e0 a sostenere le attivit\u00e0 formative e di socializzazione per tutte le persone con disabilit\u00e0 che frequentano La casa di Piero, gli incontri e i laboratori per famigliari e caregiver in programma per il 2026.<\/p>\n\n\n\n<p>Per informazioni e prenotazioni: <a href=\"mailto:info@lacasadipiero.org\">info@lacasadipiero.org<\/a><\/p>\n\n\n\n<p><img decoding=\"async\" height=\"16\" width=\"16\" src=\"https:\/\/static.xx.fbcdn.net\/images\/emoji.php\/v9\/t22\/1\/16\/260e.png\" alt=\"\u260e\ufe0f\"> 0323 551 465 | <img decoding=\"async\" height=\"16\" width=\"16\" src=\"https:\/\/static.xx.fbcdn.net\/images\/emoji.php\/v9\/t57\/1\/16\/1f4f1.png\" alt=\"\ud83d\udcf1\"> 335 5756972<\/p>\n","protected":false},"excerpt":{"rendered":"<p>Un appuntamento natalizio speciale a La casa di Piero. Il t\u00e8 di dicembre lo dedichiamo a un momento di teatro partecipato. Insieme all&#8217;attore Roberto Galluccio, chi vorr\u00e0, parteciper\u00e0 allo spettacolo interattivo &#8220;Pulcinella e la lettera a Babbo Natale&#8220;. Un&#8217;occasione per stare insieme, visitare La casa di Piero, scoprirne programmi e opportunit\u00e0. L&#8217;appuntamento \u00e8 fissato alle [&hellip;]<\/p>\n","protected":false},"author":4,"featured_media":857,"comment_status":"open","ping_status":"open","sticky":false,"template":"","format":"standard","meta":{"rank_math_title":"","rank_math_description":"","rank_math_focus_keyword":"","rank_math_canonical_url":"","rank_math_robots":"","footnotes":""},"categories":[18,31],"tags":[22,20,28,21,24,26],"class_list":["post-853","post","type-post","status-publish","format-standard","has-post-thumbnail","hentry","category-amici-di-piero","category-appuntamenti","tag-amici","tag-casa-di-piero","tag-confondazionecariplo","tag-fundraising","tag-solidarieta","tag-verbania"],"_links":{"self":[{"href":"https:\/\/lacasadipiero.org\/index.php\/wp-json\/wp\/v2\/posts\/853","targetHints":{"allow":["GET"]}}],"collection":[{"href":"https:\/\/lacasadipiero.org\/index.php\/wp-json\/wp\/v2\/posts"}],"about":[{"href":"https:\/\/lacasadipiero.org\/index.php\/wp-json\/wp\/v2\/types\/post"}],"author":[{"embeddable":true,"href":"https:\/\/lacasadipiero.org\/index.php\/wp-json\/wp\/v2\/users\/4"}],"replies":[{"embeddable":true,"href":"https:\/\/lacasadipiero.org\/index.php\/wp-json\/wp\/v2\/comments?post=853"}],"version-history":[{"count":1,"href":"https:\/\/lacasadipiero.org\/index.php\/wp-json\/wp\/v2\/posts\/853\/revisions"}],"predecessor-version":[{"id":855,"href":"https:\/\/lacasadipiero.org\/index.php\/wp-json\/wp\/v2\/posts\/853\/revisions\/855"}],"wp:featuredmedia":[{"embeddable":true,"href":"https:\/\/lacasadipiero.org\/index.php\/wp-json\/wp\/v2\/media\/857"}],"wp:attachment":[{"href":"https:\/\/lacasadipiero.org\/index.php\/wp-json\/wp\/v2\/media?parent=853"}],"wp:term":[{"taxonomy":"category","embeddable":true,"href":"https:\/\/lacasadipiero.org\/index.php\/wp-json\/wp\/v2\/categories?post=853"},{"taxonomy":"post_tag","embeddable":true,"href":"https:\/\/lacasadipiero.org\/index.php\/wp-json\/wp\/v2\/tags?post=853"}],"curies":[{"name":"wp","href":"https:\/\/api.w.org\/{rel}","templated":true}]}}